{"id":91942,"date":"2025-05-11T14:08:09","date_gmt":"2025-05-11T14:08:09","guid":{"rendered":"https:\/\/www.europesays.com\/fr\/91942\/"},"modified":"2025-05-11T14:08:09","modified_gmt":"2025-05-11T14:08:09","slug":"tout-ce-quil-faut-savoir-sur-le-festival-de-la-lune-attendu-cet-ete-dans-le-var","status":"publish","type":"post","link":"https:\/\/www.europesays.com\/fr\/91942\/","title":{"rendered":"Tout ce qu\u2019il faut savoir sur le Festival de la Lune attendu cet \u00e9t\u00e9 dans le Var"},"content":{"rendered":"<p>Une soir\u00e9e suppl\u00e9mentaire dans l\u2019auditorium de Clair-Val, un \u00e9cran de 10m\u00e8tres et un son 5.1. pour am\u00e9liorer la qualit\u00e9 de l\u2019exp\u00e9rience. Deux avant-premi\u00e8res dont l\u2019une est jalousement gard\u00e9e sous le sceau du secret qui viendra clore la manifestation: le Festival de la Lune \u00e0 Carqueiranne, cycle de projections de films en plein air, monte d\u2019un (\u00e9)cran cette ann\u00e9e encore le niveau et la qualit\u00e9 de la prestation propos\u00e9e au public durant l\u2019\u00e9t\u00e9. Possible bien s\u00fbr avec le soutien de ces nombreux partenaires \u2013 dont la ville, le r\u00e9seau Les Petis \u00e9crans dirig\u00e9 par Luc Benito, entre autres \u2013 et l\u2019engagement des b\u00e9n\u00e9voles de l\u2019association Quattrocento, en charge de l\u2019organisation, n\u2019a pas manqu\u00e9 de souligner Alix Ferrari, directeur artistique de la manifestation et pr\u00e9sident de l\u2019association Quattrocento.<\/p>\n<p>1. Le conservatoire nouveau partenaire<\/p>\n<p>Entre films d\u2019auteur et blockbusters US (Mission impossible: The final Reckoning le 8 juillet ou le nouveau Superman \u2013 sortie nationale le 9 juillet \u2013 pour la traditionnelle soir\u00e9e d\u00e9guis\u00e9e le 12 ao\u00fbt), cette 5e \u00e9dition plac\u00e9e sous le signe \u00ab\u00a0Amour et musique\u00a0\u00bb, se d\u00e9roulera chaque mardi de l\u2019\u00e9t\u00e9 entre le 1er juillet et le 26 ao\u00fbt, et sera ponctu\u00e9 de temps forts autres que le cin\u00e9ma.<\/p>\n<p>Exemple d\u00e8s le 1er juillet (Soir\u00e9e du maire Arnaud Latil) avec Le Panache de Jennifer Devold\u00e8re. Cette com\u00e9die dramatique emport\u00e9e par Jos\u00e9 Garcia, raconte comment par le th\u00e9\u00e2tre, un adolescent parvient \u00e0 surmonter son b\u00e9gaiement. La projection sera pr\u00e9c\u00e9d\u00e9e \u00e0 19h30 d\u2019un concert des \u00e9l\u00e8ves du conservatoire de la m\u00e9tropole TPM.<\/p>\n<p>2. Deux soir\u00e9es dans les vignes<\/p>\n<p>L\u00e0 aussi, le moment est tr\u00e8s appr\u00e9ci\u00e9: les projections en plein air au ch\u00e2teau La Tulipe Noire \u00e0 La Moutonne. L\u2019\u00e9cran g\u00e9ant se d\u00e9place pour s\u2019installer entre les vignes pour ce moment particulier. Deux soir\u00e9es sont au programme cet \u00e9t\u00e9 avec le 11 juillet, la projection du documentaire Il \u00e9tait une fois Michel Legrand de David Hertzog. Le r\u00e9alisateur sera d\u2019ailleurs pr\u00e9sent. La projection sera pr\u00e9c\u00e9d\u00e9e d\u2019un concert des \u00e9l\u00e8ves en jazz du conservatoire de la m\u00e9tropole TPM.<\/p>\n<p>Le lendemain, mercredi 12 juillet, la soir\u00e9e sera consacr\u00e9e \u00e0 la transmission avec, avant s\u00e9ance, une conf\u00e9rence anim\u00e9e par la famille Baccino. Alain Baccino, propri\u00e9taire du domaine, et sa fille Audrey notamment, \u00e9voqueront les g\u00e9n\u00e9rations de vignerons avant la projection du film Ce qui nous lie de C\u00e9dric Klapisch avec Pio Marma\u00ef, Ana Girardot et Fran\u00e7ois Civil.<\/p>\n<p>3. Les com\u00e9dies en comp\u00e9tition<\/p>\n<p>Chaque ann\u00e9e, le festival se donne la mission de proposer au public de voter pour son film pr\u00e9f\u00e9r\u00e9. Cette ann\u00e9e, c\u2019est un jury de professionnels qui sera charg\u00e9 de d\u00e9partager les com\u00e9dies projet\u00e9es au long de l\u2019\u00e9t\u00e9. Didier Ferrari et Denis Braccini, tous deux com\u00e9diens \u2013 ils comptent parmi les fid\u00e8les de la bande \u00e0 Eric Fraticelli \u2013 seront entour\u00e9s de Ghislaine Toche, pr\u00e9sidente de l\u2019association carqueirannaise Les Ours Blancs. \u00ab\u00a0Chaque ann\u00e9e, ce sera une association diff\u00e9rente qui rejoindra le jury\u00a0\u00bb, pr\u00e9cisait Alix Ferrari. La c\u00e9r\u00e9monie de remise des prix aura lieu le 26 ao\u00fbt, derni\u00e8re soir\u00e9e du festival, et pr\u00e9c\u00e9dera le projet du film de cl\u00f4ture dont on ignore le nom. Tout ce que l\u2019on sait, c\u2019est qu\u2019il s\u2019agira une avant-premi\u00e8re, promet encore le directeur du festival Alix Ferrari. Parmi les com\u00e9dies en comp\u00e9tition, Comme des riches d\u2019Amin Harfoush, avec Philippe Katerine et Simon Abkarian sera propos\u00e9e en avant-premi\u00e8re le mardi 15 juillet.<\/p>\n<p>Le 22 juillet, c\u2019est Avignon de Johann Dionnet avec les humoristes Baptiste Lecaplain et Alison Wheeler notamment,<\/p>\n<p>Marilou Berry, Isabelle Nanty sont au g\u00e9n\u00e9rique de Doux J\u00e9sus, com\u00e9die de Fr\u00e9d\u00e9ric Quiring propos\u00e9e le 29 juillet.<\/p>\n<p>4. Le r\u00e9alisateur Jean-Pierre Am\u00e9ris au rendez-vous<\/p>\n<p>Il \u00e9tait venu il y a deux ans, pr\u00e9senter en avant-premi\u00e8re Marie-Line et son juge, l\u2019un des derniers r\u00f4les de Michel Blanc: fid\u00e8le de Carqueiranne et du festival, Jean-Pierre Am\u00e9ris sera pr\u00e9sent le 5 ao\u00fbt, \u00e0 l\u2019occasion de la projection de son nouveau film Aimons-nous vivants, avec G\u00e9rard Darmon et Val\u00e9rie Lemercier.<\/p>\n<p>Fid\u00e8le lui aussi de la manifestation, G\u00e9rard Jugnot sera-t-il au rendez-vous cet \u00e9t\u00e9? R\u00e9ponse le 19 ao\u00fbt, lors de la projection de son nouveau film Y\u2019 a pas de r\u00e9seau, com\u00e9die sign\u00e9e Edouard Pluvieux avec \u00e9galement Maxime Gasteuil.<\/p>\n<p>5. Le court-m\u00e9trage \u00e0 l\u2019honneur<\/p>\n<p>C\u2019est une premi\u00e8re: une soir\u00e9e d\u00e9di\u00e9e aux courts-m\u00e9trages aux courts-m\u00e9trages le mercredi 6 ao\u00fbt, reprise du 18e Festival des Nuits m\u00e9diterran\u00e9ennes du court-m\u00e9trage avec France T\u00e9l\u00e9vision et la collectivit\u00e9 corse et une carte blanche au collectif Pinte et Cin\u00e9, qui regroupe des professionnels du m\u00e9tier autour de l\u2019amour du cin\u00e9ma.<\/p>\n<p>6. D\u00e9couvrir l\u2019envers des tournages<\/p>\n<p>Ce sera possible avec l\u2019exposition photographique sign\u00e9e Michel Brussol. Michel Brussol est le directeur de la commission du film du Var. Chaque ann\u00e9e, il se rend sur l\u2019un des nombreux tournages \u2013 s\u00e9ries, longs ou courts-m\u00e9trages, publicit\u00e9s etc. \u2013 qui se d\u00e9roulent dans le d\u00e9partement pour rencontrer les \u00e9quipes et, \u00e9ventuellement, prendre des photos. Ce sont ses regards sur les tournages qui seront pr\u00e9sent\u00e9s \u00e0 travers l\u2019exposition Le Var en tournage, l\u2019envers du d\u00e9cor \u00e0 voir les mardis et jeudis dans la salle d\u2019exposition de Clair-Val. Une exposition propos\u00e9e par la M\u00e9diath\u00e8que d\u00e9partementale.<\/p>\n<p><strong>Savoir+<\/strong><\/p>\n<p>Festival de La Lune, du 1er juillet au 26 ao\u00fbt auditorium de Clair-Val, chemin du petit lac \u00e0 Carqueiranne et Ch\u00e2teau de la Tulipe Noire \u00e0 La Moutonne, 1820 avenue Jean-Monnet, \u00e0 La Crau. Projection des films \u00e0 la tomb\u00e9e de la nuit (vers 21h45 du 1er au 30 juillet, 21h30 jusqu\u2019au 13 ao\u00fbt et 21h du 20 au 27 ao\u00fbt). De 5 \u00e0 8 euros. Billetterie en ligne sur helloasso quattrocento. Tel. 06.26.89.41.65. www.cinemadelalune.com<\/p>\n","protected":false},"excerpt":{"rendered":"Une soir\u00e9e suppl\u00e9mentaire dans l\u2019auditorium de Clair-Val, un \u00e9cran de 10m\u00e8tres et un son 5.1. pour am\u00e9liorer la&hellip;\n","protected":false},"author":2,"featured_media":91943,"comment_status":"","ping_status":"","sticky":false,"template":"","format":"standard","meta":{"footnotes":""},"categories":[9619],"tags":[1111,11,650,251,1777,674,1011,27,12,882,25,2310],"class_list":{"0":"post-91942","1":"post","2":"type-post","3":"status-publish","4":"format-standard","5":"has-post-thumbnail","7":"category-toulon","8":"tag-actu","9":"tag-actualites","10":"tag-cinema","11":"tag-culture","12":"tag-eu","13":"tag-europe","14":"tag-fr","15":"tag-france","16":"tag-news","17":"tag-provence-alpes-cote-dazur","18":"tag-republique-francaise","19":"tag-toulon"},"share_on_mastodon":{"url":"https:\/\/pubeurope.com\/@fr\/114489596512579611","error":""},"_links":{"self":[{"href":"https:\/\/www.europesays.com\/fr\/wp-json\/wp\/v2\/posts\/91942","targetHints":{"allow":["GET"]}}],"collection":[{"href":"https:\/\/www.europesays.com\/fr\/wp-json\/wp\/v2\/posts"}],"about":[{"href":"https:\/\/www.europesays.com\/fr\/wp-json\/wp\/v2\/types\/post"}],"author":[{"embeddable":true,"href":"https:\/\/www.europesays.com\/fr\/wp-json\/wp\/v2\/users\/2"}],"replies":[{"embeddable":true,"href":"https:\/\/www.europesays.com\/fr\/wp-json\/wp\/v2\/comments?post=91942"}],"version-history":[{"count":0,"href":"https:\/\/www.europesays.com\/fr\/wp-json\/wp\/v2\/posts\/91942\/revisions"}],"wp:featuredmedia":[{"embeddable":true,"href":"https:\/\/www.europesays.com\/fr\/wp-json\/wp\/v2\/media\/91943"}],"wp:attachment":[{"href":"https:\/\/www.europesays.com\/fr\/wp-json\/wp\/v2\/media?parent=91942"}],"wp:term":[{"taxonomy":"category","embeddable":true,"href":"https:\/\/www.europesays.com\/fr\/wp-json\/wp\/v2\/categories?post=91942"},{"taxonomy":"post_tag","embeddable":true,"href":"https:\/\/www.europesays.com\/fr\/wp-json\/wp\/v2\/tags?post=91942"}],"curies":[{"name":"wp","href":"https:\/\/api.w.org\/{rel}","templated":true}]}}