{"id":91947,"date":"2025-05-11T14:11:12","date_gmt":"2025-05-11T14:11:12","guid":{"rendered":"https:\/\/www.europesays.com\/fr\/91947\/"},"modified":"2025-05-11T14:11:12","modified_gmt":"2025-05-11T14:11:12","slug":"revue-de-presse-psg-montpellier-titis-feminines","status":"publish","type":"post","link":"https:\/\/www.europesays.com\/fr\/91947\/","title":{"rendered":"Revue de presse PSG : Montpellier, titis, F\u00e9minines&#8230;"},"content":{"rendered":"<p>Vu et lu au sujet du PSG dans la\u00a0<a href=\"https:\/\/canal-supporters.com\/category\/revue-de-presse\/\" rel=\"nofollow noopener\" target=\"_blank\">presse<br \/>\nhexagonale<\/a>\u00a0ce dimanche 11 mai 2025<strong>.<\/strong> Le<br \/>\nPSG s\u2019impose sans forcer \u00e0 Montpellier, il lance bien sa<br \/>\npr\u00e9paration pour ses deux finales, la semaine folle des<br \/>\nf\u00e9minines\u2026<\/p>\n<p> <img loading=\"lazy\" decoding=\"async\" width=\"575\" height=\"334\" src=\"https:\/\/www.europesays.com\/fr\/wp-content\/uploads\/2025\/05\/LEquipe-11-05-2025.jpg\" alt=\"L'equipe 11 05 2025\" class=\"wp-image-572306\"  \/><\/p>\n<p>Dans son \u00e9dition du jour, <a href=\"https:\/\/kiosque.lequipe.fr\/data\/1134\/reader\/reader.html#!preferred\/0\/package\/1134\/pub\/1134\/page\/11\" target=\"_blank\" rel=\"noopener nofollow\" title=\"\">L\u2019Equipe<\/a> est<br \/>\nrevenue sur le d\u00e9placement du <strong>PSG<\/strong> \u00e0<br \/>\n<strong>Montpellier<\/strong> dans le cadre de la 33e journ\u00e9e de<br \/>\n<strong>Ligue 1<\/strong>. Avec une \u00e9quipe tr\u00e8s fortement remani\u00e9e<br \/>\net rajeunie, le <strong>PSG<\/strong> s\u2019est facilement impos\u00e9 contre<br \/>\n<strong>Montpellier<\/strong> hier soir <a href=\"https:\/\/canal-supporters.com\/le-psg-simpose-tranquillement-contre-montpellier-4-1\/\" title=\"\" rel=\"nofollow noopener\" target=\"_blank\">(4-1)<\/a>. Le quotidien sportif indique que<br \/>\n\u00ab\u00a0cette 33e journ\u00e9e de <strong>Ligue 1<\/strong> n\u2019aura<br \/>\nservi qu\u2019\u00e0 montrer l\u2019\u00e9norme diff\u00e9rence entre le champion de<br \/>\n<strong>France<\/strong> et le dernier du classement.\u00a0\u00bb Au<br \/>\ncoup d\u2019envoi, le <strong>PSG<\/strong> a align\u00e9 le plus jeune onze<br \/>\nde d\u00e9part de son histoire en championnat (21 ans et 251 jours de<br \/>\nmoyenne d\u2019\u00e2ge) avec six joueurs du centre de formation qui ont<br \/>\ntermin\u00e9 la rencontre (<strong>Tape, Kamara, Zague, Za\u00efre-Emery,<br \/>\nMayulu, Mbaye<\/strong>). \u00ab\u00a0Dans les trois semaines<br \/>\nparisiennes, du <strong>Parc des Princes<\/strong>, \u00e0<br \/>\n<strong>Munich<\/strong>, en passant par le <strong>Stade de<br \/>\nFrance<\/strong>, c\u2019est bien tout ce qu\u2019il faudra retenir du passage<br \/>\n\u00e0 <strong>Montpellier<\/strong>\u00ab\u00a0, avance<br \/>\nL\u2019Equipe. Plus que jamais, certains titis ont montr\u00e9<br \/>\nqu\u2019ils avaient un avenir dans ce <strong>PSG<\/strong> nouvelle<br \/>\nformule, souligne le quotidien sportif.<\/p>\n<p> <img loading=\"lazy\" decoding=\"async\" width=\"383\" height=\"114\" src=\"https:\/\/www.europesays.com\/fr\/wp-content\/uploads\/2025\/05\/Le-Parisien-11-05-2025.jpg\" alt=\"Le parisien 11 05 2025\" class=\"wp-image-572307\"  \/><\/p>\n<p>De son c\u00f4t\u00e9, <a href=\"https:\/\/www.leparisien.fr\/sports\/football\/ligue-1\/montpellier-psg-1-4-paris-prolonge-sa-fete-et-attend-ses-finales-10-05-2025-6AQEFPI4WBAFFJZFX5QCC2KYTI.php\" target=\"_blank\" rel=\"noopener nofollow\" title=\"\">Le Parisien<\/a> \u00e9voque<br \/>\naussi la victoire du <strong>PSG<\/strong> contre<br \/>\n<strong>Montpellier<\/strong> hier soir. Le quotidien francilien<br \/>\nindique que cette sortie dans l\u2019<strong>H\u00e9rault<\/strong> n\u2019avait<br \/>\nconvi\u00e9 au coup d\u2019envoi qu\u2019un seul titulaire attendu \u00e0<br \/>\n<strong>Munich<\/strong>, en la personne de <strong>D\u00e9sir\u00e9<br \/>\nDou\u00e9<\/strong>. Il aura jou\u00e9 60 minutes. \u00ab\u00a0Quand<br \/>\n<strong>Dou\u00e9<\/strong> a pu regagner le banc, Paris menait d\u00e9j\u00e0 3-0<br \/>\nsans forcer, au cours d\u2019une partie de fin de saison<br \/>\nde<strong>\u00a0Ligue 1<\/strong>\u00a0qui a ressembl\u00e9 \u00e0 un match de<br \/>\npr\u00e9paration estivale, la m\u00e9t\u00e9o en moins.\u00a0\u00bb Sur un faux<br \/>\nrythme, d\u00e9pourvu d\u2019intensit\u00e9, les Parisiens ont mis un peu de<br \/>\nvitesse dans leurs encha\u00eenements en fin de premi\u00e8re p\u00e9riode,<br \/>\nhistoire de commencer leur match. Il sera termin\u00e9, donc, \u00e0 l\u2019heure<br \/>\nde jeu \u00e0 0-3, un score aggrav\u00e9 par le d\u00e9sir de s\u2019amuser de<br \/>\n<strong>Gon\u00e7alo Ramos<\/strong>, finalement auteur d\u2019un tripl\u00e9 en<br \/>\nseconde p\u00e9riode et en seize minutes, avec un but d\u2019attaquant dans<br \/>\nla surface sur un centre en retrait, un p\u00e9nalty et une frappe<br \/>\narr\u00eat\u00e9e \u00e0 l\u2019ext\u00e9rieur log\u00e9e dans la lucarne, analyse Le<br \/>\nParisien. <strong><a href=\"https:\/\/canal-supporters.com\/enrique-senny-mayulu-je-laime-beaucoup\/\" title=\"\" rel=\"nofollow noopener\" target=\"_blank\">Luis Enrique<\/a><\/strong> revient de<br \/>\n<strong>Montpellier<\/strong> avec l\u2019id\u00e9e que son groupe reste<br \/>\nappliqu\u00e9 et mobilis\u00e9, chacun ayant droit \u00e0 sa part du g\u00e2teau,<br \/>\nconclut Le Parisien.<\/p>\n<p>A voir aussi : <a href=\"https:\/\/canal-supporters.com\/mayulu-on-remercie-le-coach-parce-quil-nous-fait-confiance\/\" title=\"\" rel=\"nofollow noopener\" target=\"_blank\">Mayulu : \u00ab\u00a0On remercie le coach parce qu\u2019il nous fait<br \/>\nconfiance\u00a0\u00bb<\/a><\/p>\n<p><a href=\"https:\/\/x.com\/CanalSupporters\" target=\"_blank\" rel=\"noopener nofollow\" title=\"\">canalsupporters.com<\/a><\/p>\n<p> <img loading=\"lazy\" decoding=\"async\" width=\"875\" height=\"76\" src=\"https:\/\/www.europesays.com\/fr\/wp-content\/uploads\/2025\/05\/Le-Parisien-11-05-2025-1.jpg\" alt=\"Le parisien 11 05 2025 (1)\" class=\"wp-image-572308\"  \/><\/p>\n<p>Le <a href=\"https:\/\/www.leparisien.fr\/sports\/football\/psg-feminin\/il-etait-temps-que-ca-bouge-les-coulisses-de-lintense-semaine-du-psg-feminin-avant-la-demie-face-au-paris-fc-10-05-2025-ZHAFWCVQAFBJ7JIQQIBOTENL6Y.php\" target=\"_blank\" rel=\"noopener nofollow\" title=\"\">quotidien francilien<\/a><br \/>\nfait \u00e9galement un focus sur la section f\u00e9minine du<br \/>\n<strong>PSG<\/strong> qui joue ce soir la demi-finale de<br \/>\nl\u2019<strong>Arkema Premi\u00e8re Ligue<\/strong> contre le <strong>Paris<br \/>\nFC<\/strong> au <strong>Parc des Princes<\/strong>. Les deux \u00e9quipes<br \/>\nse sont affront\u00e9es il y a moins d\u2019une semaine en finale de<br \/>\n<strong>Coupe de France<\/strong>. Et c\u2019est le <strong>Paris<br \/>\nFC<\/strong> qui en fait sorti vainqueur apr\u00e8s la s\u00e9ance des<br \/>\n<a href=\"https:\/\/canal-supporters.com\/feminines-le-psg-sincline-contre-le-paris-fc-en-finale-de-la-coupe-de-france\/\" title=\"\" rel=\"nofollow noopener\" target=\"_blank\">tirs au but<\/a> (0-0, 4-5 t.a.b.). Agac\u00e9 par la d\u00e9faite<br \/>\nface au rival parisien autant que par les choix de <strong>Fabrice<br \/>\nAbriel<\/strong>, <strong>Nasser al-Khela\u00effi<\/strong>, qui a assist\u00e9<br \/>\n\u00e0 la rencontre depuis les tribunes, appuie sur le bouton. Le sort<br \/>\nde l\u2019entra\u00eeneur, arriv\u00e9 en juillet dernier et sous contrat jusqu\u2019en<br \/>\njuin 2026,\u00a0est scell\u00e9, lance Le Parisien. Le<br \/>\nlendemain, \u00ab\u00a0la direction sportive s\u2019agite et r\u00e9fl\u00e9chit au<br \/>\nplan B pour conclure au mieux la saison, dans la perspective de la<br \/>\ndemi-finale des playoffs du championnat, ce dimanche soir (21<br \/>\nheures) au <strong>Parc des Princes<\/strong> face au <strong>Paris<br \/>\nFC<\/strong>. Le choix\u00a0se porte finalement sur <strong>Paulo<br \/>\nCesar<\/strong>, 46 ans, ex-lat\u00e9ral droit du PSG (2002-2007) devenu<br \/>\ncoach des f\u00e9minines U 19.\u00a0\u00bb En fin de soir\u00e9e, les<br \/>\njoueuses ne sont encore au courant de rien. Elles apprennent<br \/>\nsimplement un changement d\u2019agenda avec une session collective<br \/>\nd\u00e9cal\u00e9e \u00e0 l\u2019apr\u00e8s-midi du lundi, indique le quotidien francilien.<br \/>\nLes entourages des unes et des autres l\u2019ont compris :<br \/>\n<strong>Fabrice Abriel<\/strong> ne dirigera plus l\u2019\u00e9quipe dans<br \/>\nquelques heures. Certains s\u2019en r\u00e9jouissent.\u00a0\u00ab\u00a0Apr\u00e8s<br \/>\nle d\u00e9jeuner, les joueuses sont, elles, r\u00e9unies au <strong>Campus<br \/>\nPSG<\/strong> par <strong>Angelo Castellazzi<\/strong>, qui<br \/>\nofficialise la nouvelle. Mais une personne manque \u00e0 l\u2019appel :<br \/>\n<strong>Marie-Antoinette Katoto<\/strong>. La meilleure buteuse de<br \/>\nl\u2019histoire du club, en fin de contrat dans deux mois et\u00a0future<br \/>\njoueuse de l\u2019<strong>Olympique lyonnais<\/strong>,\u00a0est aux<br \/>\nsoins. Lorsqu\u2019ils se croisent finalement dans les couloirs,\u00a0le<br \/>\nton monte entre le directeur sportif et l\u2019attaquante,\u00a0le<br \/>\npremier lui reprochant son absence, la deuxi\u00e8me l\u2019accusant des maux<br \/>\ndu <strong>PSG<\/strong>. Des t\u00e9moins rapportent l\u2019agressivit\u00e9<br \/>\nverbale de \u00ab MAK \u00bb, sans que cela n\u2019aille plus loin. La tension<br \/>\nredescend et l\u2019entra\u00eenement se d\u00e9roule sans plus de<br \/>\nheurts.\u00a0\u00bb La meilleure buteuse de l\u2019histoire du<br \/>\n<strong>PSG<\/strong> n\u2019est en tout cas pas sanctionn\u00e9e par le<br \/>\n<strong>PSG<\/strong> et n\u2019a pas exig\u00e9 de ne plus rejouer pour ce<br \/>\nmaillot, assure Le Parisien. Entra\u00eeneur par int\u00e9rim,<br \/>\n<strong>Paulo Cesar<\/strong> ne devrait pas \u00eatre le prochain num\u00e9ro<br \/>\nun, sauf surprise. La qu\u00eate d\u2019un nouveau leader de vestiaire est<br \/>\nd\u00e9j\u00e0 lanc\u00e9e.<\/p>\n<p>L\u2019Equipe d\u00e9voile comme \u00e0 chaque fin de journ\u00e9e son<br \/>\n\u00e9quipe type. Pour celle de la 33e journ\u00e9e de <strong>Ligue<br \/>\n1<\/strong>, deux joueurs du <strong>PSG<\/strong> y figurent,<br \/>\n<strong>Arnau Tenas<\/strong> et <strong><a href=\"https:\/\/canal-supporters.com\/ramos-on-a-beaucoup-de-qualites-dans-lequipe\/\" title=\"\" rel=\"nofollow noopener\" target=\"_blank\">Gon\u00e7alo Ramos<\/a><\/strong>.<\/p>\n<p> <img loading=\"lazy\" decoding=\"async\" width=\"953\" height=\"1024\" src=\"https:\/\/www.europesays.com\/fr\/wp-content\/uploads\/2025\/05\/XI-type-33e-journee-de-Ligue-1-LEquipe-953x1024.jpg\" alt=\"Xi type 33e journ\u00e9e de ligue 1 l'equipe\" class=\"wp-image-572309\"  \/><\/p>\n<ul class=\"wp-block-list\">\n<li>Le XI type de la 33e journ\u00e9e de <strong>Ligue 1<\/strong> de L\u2019Equipe : <strong>Tenas (PSG)<\/strong> \u2013 Arcus (Angers), Ndiaye (Brest), Mc Kenzie (Toulouse), P\u00e9trot (Saint-Etienne) \u2013 Cardona (Saint-Etienne), Ciss\u00e9 (Rennes), Camara (Monaco), Minamino (Monaco) \u2013 Le Paul (Angers), <strong>Ramos (PSG)<\/strong><\/li>\n<\/ul>\n<p>\u00a0<\/p>\n","protected":false},"excerpt":{"rendered":"Vu et lu au sujet du PSG dans la\u00a0presse hexagonale\u00a0ce dimanche 11 mai 2025. Le PSG s\u2019impose sans&hellip;\n","protected":false},"author":2,"featured_media":43795,"comment_status":"","ping_status":"","sticky":false,"template":"","format":"standard","meta":{"footnotes":""},"categories":[9599],"tags":[17010,1111,11,20335,786,81,448,1153,787,20336,4479,1777,674,12300,20337,18556,2396,1011,27,86,789,66,1611,447,921,1612,19230,19786,2208,17012,12,2680,626,445,91,92,93,13887,20338,25,13125,1615,1616,1617,1618,1619,795,796,96],"class_list":{"0":"post-91947","1":"post","2":"type-post","3":"status-publish","4":"format-standard","5":"has-post-thumbnail","7":"category-montpellier","8":"tag-33e-journee","9":"tag-actu","10":"tag-actualites","11":"tag-arkema-premiere-ligue","12":"tag-c1","13":"tag-canal-supporters","14":"tag-champions-league","15":"tag-conference-de-presse","16":"tag-cs","17":"tag-demi-finale-arkema-premiere-ligue","18":"tag-enrique","19":"tag-eu","20":"tag-europe","21":"tag-feminines","22":"tag-feminines-du-psg","23":"tag-feminines-psg","24":"tag-finale","25":"tag-fr","26":"tag-france","27":"tag-goncalo-ramos","28":"tag-ldc","29":"tag-ligue-1","30":"tag-ligue-1-macdonalds","31":"tag-ligue-des-champions","32":"tag-luis-enrique","33":"tag-mayulu","34":"tag-mhsc-psg","35":"tag-mhscpsg","36":"tag-montpellier","37":"tag-montpellier-psg","38":"tag-news","39":"tag-occitanie","40":"tag-paris","41":"tag-paris-fc","42":"tag-paris-saint-germain","43":"tag-paris-sg","44":"tag-psg","45":"tag-psg-feminin","46":"tag-ramos","47":"tag-republique-francaise","48":"tag-revue-de-presse","49":"tag-senny-mayulu","50":"tag-titis","51":"tag-titis-du-psg","52":"tag-titis-parisiens","53":"tag-titis-psg","54":"tag-ucl","55":"tag-uefa-champions-league","56":"tag-une"},"share_on_mastodon":{"url":"","error":"Validation failed: Text character limit of 500 exceeded"},"_links":{"self":[{"href":"https:\/\/www.europesays.com\/fr\/wp-json\/wp\/v2\/posts\/91947","targetHints":{"allow":["GET"]}}],"collection":[{"href":"https:\/\/www.europesays.com\/fr\/wp-json\/wp\/v2\/posts"}],"about":[{"href":"https:\/\/www.europesays.com\/fr\/wp-json\/wp\/v2\/types\/post"}],"author":[{"embeddable":true,"href":"https:\/\/www.europesays.com\/fr\/wp-json\/wp\/v2\/users\/2"}],"replies":[{"embeddable":true,"href":"https:\/\/www.europesays.com\/fr\/wp-json\/wp\/v2\/comments?post=91947"}],"version-history":[{"count":0,"href":"https:\/\/www.europesays.com\/fr\/wp-json\/wp\/v2\/posts\/91947\/revisions"}],"wp:featuredmedia":[{"embeddable":true,"href":"https:\/\/www.europesays.com\/fr\/wp-json\/wp\/v2\/media\/43795"}],"wp:attachment":[{"href":"https:\/\/www.europesays.com\/fr\/wp-json\/wp\/v2\/media?parent=91947"}],"wp:term":[{"taxonomy":"category","embeddable":true,"href":"https:\/\/www.europesays.com\/fr\/wp-json\/wp\/v2\/categories?post=91947"},{"taxonomy":"post_tag","embeddable":true,"href":"https:\/\/www.europesays.com\/fr\/wp-json\/wp\/v2\/tags?post=91947"}],"curies":[{"name":"wp","href":"https:\/\/api.w.org\/{rel}","templated":true}]}}