{"id":91950,"date":"2025-05-11T14:17:12","date_gmt":"2025-05-11T14:17:12","guid":{"rendered":"https:\/\/www.europesays.com\/fr\/91950\/"},"modified":"2025-05-11T14:17:12","modified_gmt":"2025-05-11T14:17:12","slug":"la-creche-pomme-dapi-de-pace-presente-ses-nouveautes-2","status":"publish","type":"post","link":"https:\/\/www.europesays.com\/fr\/91950\/","title":{"rendered":"La cr\u00e8che Pomme d\u2019api de Pac\u00e9 pr\u00e9sente ses nouveaut\u00e9s"},"content":{"rendered":"<p>Pomme d\u2019Api est une cr\u00e8che multi-accueil associative \u00e0 gestion parentale <a href=\"https:\/\/rennes.maville.com\/actu\/actudet_-pace.-la-creche-pomme-d-api-rouvre-ses-portes-apres-travaux-_7-5298391_actu.Htm\" target=\"_blank\" rel=\"noopener\">qui s\u2019est install\u00e9e il y a 25\u00a0ans \u00e0 Pac\u00e9 (Ille-et-Vilaine)<\/a>. Aujourd\u2019hui, elle compte douze\u00a0salari\u00e9s, dont une cuisini\u00e8re professionnelle. Les trente\u00a0berceaux de la cr\u00e8che sont occup\u00e9s. Les enfants sont accueillis de l\u2019\u00e2ge de deux\u00a0mois et demi jusqu\u2019\u00e0 quatre\u00a0ans. En septembre, en mai et en janvier, en fonction des entr\u00e9es \u00e0 l\u2019\u00e9cole, des places peuvent se lib\u00e9rer.<\/p>\n<p>Le bureau a compl\u00e8tement chang\u00e9. La nouvelle pr\u00e9sidente vient d\u2019arriver\u00a0: il s\u2019agit de Justine Ruault. La directrice est Ana\u00eblle Rioual-Caillet. La dur\u00e9e du bureau\u00a0n\u2019est plus d\u2019un\u00a0an mais de quatre pour faciliter la mise en place des projets et g\u00e9rer les contrats.<\/p>\n<p>La cr\u00e8che a une gestion parentale\u00a0:<strong> \u00ab\u00a0Les trente\u00a0familles participent chacune \u00e0 leur tour au le m\u00e9nage, une fois par mois. Il y a une belle entente. Les \u00e9changes se cr\u00e9ent\u00a0aussi avec les professionnels\u00a0\u00bb<\/strong>, explique Ana\u00eblle Rioual-Caillet.<\/p>\n<p>Certains employ\u00e9s sont l\u00e0 depuis la cr\u00e9ation<\/p>\n<p>Les parents sont administrateurs. Du c\u00f4t\u00e9 des employ\u00e9s de la cr\u00e8che, certains sont l\u00e0 depuis 25\u00a0ans, ce qui est inhabituel pour les ch\u00e8ches\u00a0!<\/p>\n<p>Le r\u00e9am\u00e9nagement ext\u00e9rieur de la cr\u00e8che vient d\u2019\u00eatre boucl\u00e9. 70\u00a0% des financements de ce chantier viennent de la Caisse d\u2019allocations familiales (CAF). Mais l\u2019\u00e9quipe dirigeante de la structure a encore besoin de fonds pour l\u2019enveloppe des travaux.<\/p>\n<p>La cr\u00e8che Pomme d\u2019Api est ouverte aux donations, aux financements ext\u00e9rieurs, aux aides diverses, et aussi aux dons de v\u00eatements.<\/p>\n<p><strong>Contact\u00a0: <\/strong>Cr\u00e8che Pomme d\u2019api, 2, rue\u00a0Jean-Baptiste-Gu\u00e9rin (pr\u00e8s du Ponant), mail\u00a0: contact@crechepommedapi.fr\u00a0; T\u00e9l. 02\u00a023\u00a041\u00a039\u00a055.<\/p>\n<p>\u00a0<\/p>\n","protected":false},"excerpt":{"rendered":"Pomme d\u2019Api est une cr\u00e8che multi-accueil associative \u00e0 gestion parentale qui s\u2019est install\u00e9e il y a 25\u00a0ans \u00e0&hellip;\n","protected":false},"author":2,"featured_media":91720,"comment_status":"","ping_status":"","sticky":false,"template":"","format":"standard","meta":{"footnotes":""},"categories":[2821],"tags":[1111,11,13661,829,2695,1777,674,1011,27,12,8219,9569,6440,3285,3086,584,25],"class_list":{"0":"post-91950","1":"post","2":"type-post","3":"status-publish","4":"format-standard","5":"has-post-thumbnail","7":"category-rennes","8":"tag-actu","9":"tag-actualites","10":"tag-api","11":"tag-bretagne","12":"tag-creche","13":"tag-eu","14":"tag-europe","15":"tag-fr","16":"tag-france","17":"tag-news","18":"tag-nouveautes","19":"tag-pace","20":"tag-pomme","21":"tag-presente","22":"tag-redon","23":"tag-rennes","24":"tag-republique-francaise"},"share_on_mastodon":{"url":"https:\/\/pubeurope.com\/@fr\/114489632001165745","error":""},"_links":{"self":[{"href":"https:\/\/www.europesays.com\/fr\/wp-json\/wp\/v2\/posts\/91950","targetHints":{"allow":["GET"]}}],"collection":[{"href":"https:\/\/www.europesays.com\/fr\/wp-json\/wp\/v2\/posts"}],"about":[{"href":"https:\/\/www.europesays.com\/fr\/wp-json\/wp\/v2\/types\/post"}],"author":[{"embeddable":true,"href":"https:\/\/www.europesays.com\/fr\/wp-json\/wp\/v2\/users\/2"}],"replies":[{"embeddable":true,"href":"https:\/\/www.europesays.com\/fr\/wp-json\/wp\/v2\/comments?post=91950"}],"version-history":[{"count":0,"href":"https:\/\/www.europesays.com\/fr\/wp-json\/wp\/v2\/posts\/91950\/revisions"}],"wp:featuredmedia":[{"embeddable":true,"href":"https:\/\/www.europesays.com\/fr\/wp-json\/wp\/v2\/media\/91720"}],"wp:attachment":[{"href":"https:\/\/www.europesays.com\/fr\/wp-json\/wp\/v2\/media?parent=91950"}],"wp:term":[{"taxonomy":"category","embeddable":true,"href":"https:\/\/www.europesays.com\/fr\/wp-json\/wp\/v2\/categories?post=91950"},{"taxonomy":"post_tag","embeddable":true,"href":"https:\/\/www.europesays.com\/fr\/wp-json\/wp\/v2\/tags?post=91950"}],"curies":[{"name":"wp","href":"https:\/\/api.w.org\/{rel}","templated":true}]}}