{"id":91952,"date":"2025-05-11T14:19:44","date_gmt":"2025-05-11T14:19:44","guid":{"rendered":"https:\/\/www.europesays.com\/fr\/91952\/"},"modified":"2025-05-11T14:19:44","modified_gmt":"2025-05-11T14:19:44","slug":"toute-lactu-top-music-c-votre-emploi-20-postes-a-luniversite-de-strasbourg","status":"publish","type":"post","link":"https:\/\/www.europesays.com\/fr\/91952\/","title":{"rendered":"Toute l&rsquo;actu Top Music &#8211; C Votre Emploi : 20 postes \u00e0 l&rsquo;Universit\u00e9 de Strasbourg"},"content":{"rendered":"<p><img decoding=\"async\" class=\"\" style=\"width:100%\" src=\"https:\/\/www.europesays.com\/fr\/wp-content\/uploads\/2025\/05\/Capture_d__cran_2025_05_09_1029271746779560596.png\" alt=\"Val\u00e9rie Gibert, Directrice G\u00e9n\u00e9rale des Services de l'Universit\u00e9 de Strasbourg, sur BFM Alsace\"\/><\/p>\n<p>Val\u00e9rie Gibert, Directrice G\u00e9n\u00e9rale des Services de l&rsquo;Universit\u00e9 de Strasbourg, sur BFM Alsace<\/p>\n<p>Cr\u00e9dit : capture \u00e9cran \/ @BFM Alsace<\/p>\n<p style=\"text-align: justify;\">L&rsquo;Universit\u00e9 de Strasbourg compte <strong>6113 employ\u00e9s<\/strong>, soit l&rsquo;un des pourvoyeurs d&#8217;emploi les plus importants de l&rsquo;Eurom\u00e9tropole. En ce printemps 2025, l&rsquo;Unistra recrute <strong>20 personnes<\/strong>. L&rsquo;Universit\u00e9 de Strasbourg recrute tout au long de l&rsquo;ann\u00e9e sur des postes <strong>d&rsquo;enseignants-chercheurs<\/strong> mais pas uniquement. Parmi les postes recherch\u00e9s : <strong>service informatique, biblioth\u00e9caires, ressources humaines, gestion du patrimoine immobilier, finances, chercheurs<\/strong>&#8230;\u00a0 46% sont des contractuels et majoritairement en CDD.<\/p>\n<\/p>\n<p><strong>Une journ\u00e9e de d\u00e9couverte des m\u00e9tiers<\/strong><\/p>\n<p>L&rsquo;Unistra compte \u00e9galement <strong>5300 vacataires<\/strong>. L&rsquo;Unistra a la volont\u00e9 d&rsquo;avoir des recrutements inclusifs et \u00e0 \u00e9galit\u00e9 de traitement. Travailler au sein de <strong>l&rsquo;Universit\u00e9 de Strasbourg <\/strong>c&rsquo;est la possibilit\u00e9 de pouvoir faire tout une carri\u00e8re au sein de cette institution. <strong>L&rsquo;Universit\u00e9 de Strasbourg<\/strong> est soumise aux r\u00e8gles du recrutement en mati\u00e8re d&rsquo;\u00e9tablissements publics. Le 13 mai sera une journ\u00e9e de d\u00e9couverte <strong>des m\u00e9tiers de l&rsquo;Universit\u00e9 de Strasbourg<\/strong> avec notamment des job dating.<\/p>\n<p>\u00a0<\/p><\/p>\n","protected":false},"excerpt":{"rendered":"Val\u00e9rie Gibert, Directrice G\u00e9n\u00e9rale des Services de l&rsquo;Universit\u00e9 de Strasbourg, sur BFM Alsace Cr\u00e9dit : capture \u00e9cran \/&hellip;\n","protected":false},"author":2,"featured_media":91953,"comment_status":"","ping_status":"","sticky":false,"template":"","format":"standard","meta":{"footnotes":""},"categories":[2820],"tags":[1111,11,20342,7079,20344,20341,20343,341,20345,1777,674,1011,27,775,12,7099,25,640,3847,20339,20340],"class_list":{"0":"post-91952","1":"post","2":"type-post","3":"status-publish","4":"format-standard","5":"has-post-thumbnail","7":"category-strasbourg","8":"tag-actu","9":"tag-actualites","10":"tag-bfmalsace","11":"tag-chercheurs","12":"tag-contractuels","13":"tag-cvotremploi","14":"tag-embauches","15":"tag-emploi","16":"tag-employes","17":"tag-eu","18":"tag-europe","19":"tag-fr","20":"tag-france","21":"tag-grand-est","22":"tag-news","23":"tag-recrutement","24":"tag-republique-francaise","25":"tag-strasbourg","26":"tag-travail","27":"tag-unistra","28":"tag-universitedestrasbourg"},"share_on_mastodon":{"url":"https:\/\/pubeurope.com\/@fr\/114489639880462505","error":""},"_links":{"self":[{"href":"https:\/\/www.europesays.com\/fr\/wp-json\/wp\/v2\/posts\/91952","targetHints":{"allow":["GET"]}}],"collection":[{"href":"https:\/\/www.europesays.com\/fr\/wp-json\/wp\/v2\/posts"}],"about":[{"href":"https:\/\/www.europesays.com\/fr\/wp-json\/wp\/v2\/types\/post"}],"author":[{"embeddable":true,"href":"https:\/\/www.europesays.com\/fr\/wp-json\/wp\/v2\/users\/2"}],"replies":[{"embeddable":true,"href":"https:\/\/www.europesays.com\/fr\/wp-json\/wp\/v2\/comments?post=91952"}],"version-history":[{"count":0,"href":"https:\/\/www.europesays.com\/fr\/wp-json\/wp\/v2\/posts\/91952\/revisions"}],"wp:featuredmedia":[{"embeddable":true,"href":"https:\/\/www.europesays.com\/fr\/wp-json\/wp\/v2\/media\/91953"}],"wp:attachment":[{"href":"https:\/\/www.europesays.com\/fr\/wp-json\/wp\/v2\/media?parent=91952"}],"wp:term":[{"taxonomy":"category","embeddable":true,"href":"https:\/\/www.europesays.com\/fr\/wp-json\/wp\/v2\/categories?post=91952"},{"taxonomy":"post_tag","embeddable":true,"href":"https:\/\/www.europesays.com\/fr\/wp-json\/wp\/v2\/tags?post=91952"}],"curies":[{"name":"wp","href":"https:\/\/api.w.org\/{rel}","templated":true}]}}