{"id":91954,"date":"2025-05-11T14:20:09","date_gmt":"2025-05-11T14:20:09","guid":{"rendered":"https:\/\/www.europesays.com\/fr\/91954\/"},"modified":"2025-05-11T14:20:09","modified_gmt":"2025-05-11T14:20:09","slug":"courses-de-strasbourg-le-jeune-triathlete-de-lasptt-mulhouse-noe-bonfils-survole-le-5km","status":"publish","type":"post","link":"https:\/\/www.europesays.com\/fr\/91954\/","title":{"rendered":"Courses de Strasbourg. Le jeune triathl\u00e8te de L&rsquo;ASPTT Mulhouse No\u00e9 Bonfils survole le 5km"},"content":{"rendered":"<p>Il est n\u00e9 en 2008. Le triathl\u00e8te de L&rsquo;ASPTT Mulhouse No\u00e9 Bonfils a nettement remport\u00e9 le 5km, en 15&rsquo;20, se d\u00e9tachant au bout de 2km.<\/p>\n<p>Il esp\u00e9rait r\u00e9ussir le doubl\u00e9 avec son copain Juan Souto Maior. Celui-ci monte bien sur le podium, mais \u00e0 la 3e place, derri\u00e8re le Haguenovien Quentin Perraudin (15&rsquo;43).<\/p>\n<p>11 000 participants sur les trois courses majeures<\/p>\n<p>Premi\u00e8re f\u00e9minine, Salom\u00e9 Saling, la coureuse de Butten, a r\u00e9alis\u00e9 le tour de force d&rsquo;am\u00e9liorer son record sur la distance (17&rsquo;47), une performance sur un trac\u00e9 aussi sinueux.<\/p>\n<p>Les trois \u00e9preuves majeures des courses de Strasbourg-Eurom\u00e9tropole ont r\u00e9uni pr\u00e8s de 11000 participants. Un record. Et encore, les organisateurs ont sagement pr\u00e9f\u00e9r\u00e9 stopper les inscriptions, une fois le cap des 4000 atteint sur 10km et sur le semi-marathon.<\/p>\n","protected":false},"excerpt":{"rendered":"Il est n\u00e9 en 2008. Le triathl\u00e8te de L&rsquo;ASPTT Mulhouse No\u00e9 Bonfils a nettement remport\u00e9 le 5km, en&hellip;\n","protected":false},"author":2,"featured_media":91955,"comment_status":"","ping_status":"","sticky":false,"template":"","format":"standard","meta":{"footnotes":""},"categories":[2820],"tags":[1111,11,4132,2649,1636,2880,1777,674,107,1011,27,775,1634,12,25,517,640],"class_list":{"0":"post-91954","1":"post","2":"type-post","3":"status-publish","4":"format-standard","5":"has-post-thumbnail","7":"category-strasbourg","8":"tag-actu","9":"tag-actualites","10":"tag-athletisme","11":"tag-bas-rhin","12":"tag-edition-mulhouse-thann","13":"tag-edition-strasbourg","14":"tag-eu","15":"tag-europe","16":"tag-fil-info","17":"tag-fr","18":"tag-france","19":"tag-grand-est","20":"tag-mulhouse","21":"tag-news","22":"tag-republique-francaise","23":"tag-sport","24":"tag-strasbourg"},"share_on_mastodon":{"url":"https:\/\/pubeurope.com\/@fr\/114489643671657191","error":""},"_links":{"self":[{"href":"https:\/\/www.europesays.com\/fr\/wp-json\/wp\/v2\/posts\/91954","targetHints":{"allow":["GET"]}}],"collection":[{"href":"https:\/\/www.europesays.com\/fr\/wp-json\/wp\/v2\/posts"}],"about":[{"href":"https:\/\/www.europesays.com\/fr\/wp-json\/wp\/v2\/types\/post"}],"author":[{"embeddable":true,"href":"https:\/\/www.europesays.com\/fr\/wp-json\/wp\/v2\/users\/2"}],"replies":[{"embeddable":true,"href":"https:\/\/www.europesays.com\/fr\/wp-json\/wp\/v2\/comments?post=91954"}],"version-history":[{"count":0,"href":"https:\/\/www.europesays.com\/fr\/wp-json\/wp\/v2\/posts\/91954\/revisions"}],"wp:featuredmedia":[{"embeddable":true,"href":"https:\/\/www.europesays.com\/fr\/wp-json\/wp\/v2\/media\/91955"}],"wp:attachment":[{"href":"https:\/\/www.europesays.com\/fr\/wp-json\/wp\/v2\/media?parent=91954"}],"wp:term":[{"taxonomy":"category","embeddable":true,"href":"https:\/\/www.europesays.com\/fr\/wp-json\/wp\/v2\/categories?post=91954"},{"taxonomy":"post_tag","embeddable":true,"href":"https:\/\/www.europesays.com\/fr\/wp-json\/wp\/v2\/tags?post=91954"}],"curies":[{"name":"wp","href":"https:\/\/api.w.org\/{rel}","templated":true}]}}