{"id":91959,"date":"2025-05-11T14:23:09","date_gmt":"2025-05-11T14:23:09","guid":{"rendered":"https:\/\/www.europesays.com\/fr\/91959\/"},"modified":"2025-05-11T14:23:09","modified_gmt":"2025-05-11T14:23:09","slug":"la-confrerie-de-la-fouasse-fete-dans-le-vignoble-pres-de-nantes-20-ans-de-tradition-et-de","status":"publish","type":"post","link":"https:\/\/www.europesays.com\/fr\/91959\/","title":{"rendered":"La Confr\u00e9rie de la Fouasse f\u00eate dans le vignoble pr\u00e8s de Nantes, 20 ans de tradition et de"},"content":{"rendered":"<p>Pour marquer ses 20\u00a0ans, la Confr\u00e9rie de la Fouasse organise deux jours de manifestation ouverts \u00e0 tous, les samedi\u00a017 et dimanche 18\u00a0mai 2025, \u00e0 l\u2019espace S\u00e8vria.<\/p>\n<p>\u00ab\u00a0Ce g\u00e2teau typique a donn\u00e9 son nom \u00e0 La Haye-Fouassi\u00e8re. Notre confr\u00e9rie permet de conserver cette histoire et partager notre patrimoine,\u00a0\u00bb indique Jean-Louis Brosseau, vice-pr\u00e9sident.<\/p>\n<p>La confr\u00e9rie hayonnaise en profite pour inviter d\u2019autres confr\u00e9ries du Grand Ouest, de la Bretagne \u00e0 la Vend\u00e9e.<\/p>\n<p>? <a href=\"https:\/\/labaule.maville.com\/actu\/actudet_-un-appel-a-figurants-pour-deux-tournages-dans-le-vignoble-nantais-_8-6770867_actu.Htm\" target=\"_blank\" rel=\"noopener\">\u00c0 lire aussi\u00a0: Un appel \u00e0 figurants pour deux tournages dans le Vignoble nantais<\/a> <\/p>\n<p>March\u00e9, conf\u00e9rence\u2026<\/p>\n<p>\u00ab\u00a0C\u2019est l\u2019occasion de d\u00e9couvrir d\u2019autres richesses gastronomiques\u00a0\u00bb, sourit le vice-pr\u00e9sident.<\/p>\n<p>Cet anniversaire d\u00e9butera le samedi 16\u00a0mai, \u00e0 15h, avec le march\u00e9 des confr\u00e9ries.<\/p>\n<p>Il sera suivi d\u2019une conf\u00e9rence sur le th\u00e8me \u00ab\u00a0Historique des confr\u00e9ries en France\u00a0\u00bb.<\/p>\n<p>La journ\u00e9e se terminera par une sardinade, organis\u00e9e par la Confr\u00e9rie de la sardine, et le concert du groupe hayonnais Les Copains d\u2019Armor.<\/p>\n<p>Un d\u00e9fil\u00e9 des confr\u00e9ries de l\u2019espace S\u00e8vria au ch\u00e2teau<\/p>\n<p>La journ\u00e9e du dimanche 18\u00a0 mai commencera par un d\u00e9fil\u00e9 des confr\u00e9ries qui partira de l\u2019espace S\u00e8vria et se rendra au ch\u00e2teau de Rochefort. Elle se poursuivra par le grand chapitre et se cl\u00f4turera avec un repas de gala.<\/p>\n<p>? <a href=\"https:\/\/nantes.maville.com\/actu\/actudet_-des-minibus-a-votre-service-dans-ces-communes-du-vignobe-nantais-_8-6735773_actu.Htm\" target=\"_blank\" rel=\"noopener\">\u00c0 lire aussi : Des minibus \u00e0 votre service dans ces communes du vignobe nantais<\/a><\/p>\n<p>Pratique<\/p>\n<p>Renseignements et inscription aux repas au 06\u00a036\u00a070\u00a057\u00a000 ; ou en cliquant ici : <a href=\"https:\/\/www.helloasso.com\/associations\/confrerie-de-la-fouasse-du-vignoble-nantais\" target=\"_blank\" rel=\"noopener\">Confrerie de la fouasse du vignoble nantais<\/a>.<\/p>\n<p>\u00a0<\/p>\n","protected":false},"excerpt":{"rendered":"Pour marquer ses 20\u00a0ans, la Confr\u00e9rie de la Fouasse organise deux jours de manifestation ouverts \u00e0 tous, les&hellip;\n","protected":false},"author":2,"featured_media":91960,"comment_status":"","ping_status":"","sticky":false,"template":"","format":"standard","meta":{"footnotes":""},"categories":[2818],"tags":[4307,1111,11,1764,20346,1777,674,4768,20347,1011,27,766,12,14992,2636,3762,25,20348,4714],"class_list":{"0":"post-91959","1":"post","2":"type-post","3":"status-publish","4":"format-standard","5":"has-post-thumbnail","7":"category-nantes","8":"tag-4307","9":"tag-actu","10":"tag-actualites","11":"tag-ans","12":"tag-confrerie","13":"tag-eu","14":"tag-europe","15":"tag-fete","16":"tag-fouasse","17":"tag-fr","18":"tag-france","19":"tag-nantes","20":"tag-news","21":"tag-partage","22":"tag-pays-de-la-loire","23":"tag-pres","24":"tag-republique-francaise","25":"tag-tradition","26":"tag-vignoble"},"share_on_mastodon":{"url":"https:\/\/pubeurope.com\/@fr\/114489655521664218","error":""},"_links":{"self":[{"href":"https:\/\/www.europesays.com\/fr\/wp-json\/wp\/v2\/posts\/91959","targetHints":{"allow":["GET"]}}],"collection":[{"href":"https:\/\/www.europesays.com\/fr\/wp-json\/wp\/v2\/posts"}],"about":[{"href":"https:\/\/www.europesays.com\/fr\/wp-json\/wp\/v2\/types\/post"}],"author":[{"embeddable":true,"href":"https:\/\/www.europesays.com\/fr\/wp-json\/wp\/v2\/users\/2"}],"replies":[{"embeddable":true,"href":"https:\/\/www.europesays.com\/fr\/wp-json\/wp\/v2\/comments?post=91959"}],"version-history":[{"count":0,"href":"https:\/\/www.europesays.com\/fr\/wp-json\/wp\/v2\/posts\/91959\/revisions"}],"wp:featuredmedia":[{"embeddable":true,"href":"https:\/\/www.europesays.com\/fr\/wp-json\/wp\/v2\/media\/91960"}],"wp:attachment":[{"href":"https:\/\/www.europesays.com\/fr\/wp-json\/wp\/v2\/media?parent=91959"}],"wp:term":[{"taxonomy":"category","embeddable":true,"href":"https:\/\/www.europesays.com\/fr\/wp-json\/wp\/v2\/categories?post=91959"},{"taxonomy":"post_tag","embeddable":true,"href":"https:\/\/www.europesays.com\/fr\/wp-json\/wp\/v2\/tags?post=91959"}],"curies":[{"name":"wp","href":"https:\/\/api.w.org\/{rel}","templated":true}]}}