{"id":91965,"date":"2025-05-11T14:26:24","date_gmt":"2025-05-11T14:26:24","guid":{"rendered":"https:\/\/www.europesays.com\/fr\/91965\/"},"modified":"2025-05-11T14:26:24","modified_gmt":"2025-05-11T14:26:24","slug":"degats-de-grele-sur-vignes-degoutees-et-sans-defense","status":"publish","type":"post","link":"https:\/\/www.europesays.com\/fr\/91965\/","title":{"rendered":"D\u00e9g\u00e2ts de gr\u00eale sur vignes d\u00e9go\u00fbt\u00e9es et sans d\u00e9fense"},"content":{"rendered":"<p>Le vignoble bordelais n\u2019avait pas besoin de \u00e7a : un orage a touch\u00e9 localement des parcelles hier, mettant un coup au moral des vignerons touch\u00e9s. Et mettant en lumi\u00e8re les r\u00e9ductions budg\u00e9taires dans la d\u00e9fense antigr\u00eale, qui n\u2019a pas \u00e9t\u00e9 activ\u00e9e faute de moyens financiers.<\/p>\n<p>L<\/p>\n<p>&#13;<br \/>\n\te vignoble s\u2019appr\u00eatant \u00e0 passer les saints de glace sans risque de gel\u00e9es (11 mai saint Mamert, 12 mai saint Pancrace et 13 mai saint Servais), il est rattrap\u00e9 par d\u2019autres gla\u00e7ons\u00a0: les gr\u00ealons matraquant des vignes ce samedi 10 mai. Des orages ont touch\u00e9 des vignobles de la fa\u00e7ade atlantique hier (avec de possibles d\u00e9g\u00e2ts en Charente-Maritime, \u00e0 confirmer), essentiellement en Gironde sur la zone de Langon vers 17 heures, avec des \u00e9chos de d\u00e9g\u00e2ts localis\u00e9s plus ou moins importants, notamment au sud des Graves. Vigneron touch\u00e9 par les gr\u00ealons, Armand Schuster de\u00a0Ballwil rapporte que \u00ab\u00a0\u00e7a n\u2019a pas trop tap\u00e9 les vignes sur Langon, ce sont plus les c\u00e9r\u00e9ales en bas de rivi\u00e8re qui ont \u00e9t\u00e9 touch\u00e9es. Sur les communes de Lugaignac et de Saint-Aubin, il y a eu une veine de vignes tr\u00e8s touch\u00e9s. Il y a bien 80 \u00e0 100 % de d\u00e9g\u00e2ts, les feuilles sont bien hach\u00e9es et les inflorescences sont d\u00e9chiquet\u00e9es. Il y a eu trois passages de gr\u00eale, toute la zone est hach\u00e9e. Les apex sont coup\u00e9s,\u00a0\u00bb\u00a0<\/p>\n<p>&#13;<br \/>\n\tSur ses 40 hectares de vignes (merlot, sauvignon blanc, cabernet, s\u00e9millon\u2026) apport\u00e9es \u00e0 la cave de Rauzan (en AOC Bordeaux rouge et Entre-deux-Mers blanc), le vigneron ne voit plus ce dimanche que du hachis de feuilles et d\u2019inflorescences, avec m\u00eame des gr\u00ealons encore visibles au sol. Ayant contract\u00e9 une assurance multirisque climatique sur ses 100 hectares de vignes (comportant \u00e9galement le ch\u00e2teau Montlau, \u00e9pargn\u00e9), Armand Schuster de\u00a0Ballwil ne cache plus sa fatigue des al\u00e9as climatiques lui mangeant chaque ann\u00e9e du rendement. \u00ab\u00a0\u00c0 force, on est tellement habitu\u00e9 qu\u2019il y a une forme de d\u00e9go\u00fbt et que l\u2019on se dit que l\u2019on va arr\u00eater\u00a0\u00bb soupire le vigneron bordelais, qui est d\u00e9j\u00e0 pass\u00e9 de 150 \u00e0 100 ha de vignes en production, et envisage de descendre \u00e0 30 ha l\u2019an pass\u00e9 en mettant un terme \u00e0 des fermages\u00a0: \u00ab\u00a0on va r\u00e9duire pour se concentrer sur le commerce et arr\u00eater de travailler pour rien\u00a0\u00bb.<\/p>\n<p>&#13;<br \/>\n\t<strong>Un loup\u00e9 dans la protection pr\u00e9ventive<\/strong><\/p>\n<p>&#13;<br \/>\n\tAutre point irritant le vigneron\u00a0: le non-d\u00e9clenchement hier en Gironde des 139 g\u00e9n\u00e9rateurs anti-gr\u00eales (\u00e0 solution d\u2019iodure d\u2019argent). \u00ab\u00a0\u00c0 chaque fois que je gr\u00eale, la protection n\u2019est pas allum\u00e9e alors que l\u2019on cotise\u00a0\u00bb\u00a0regrette Armand Schuster de\u00a0Ballwil. Un non-d\u00e9clenchement qui est la cons\u00e9quence de l\u2019augmentation du seuil d\u2019intervention, de 30 \u00e0 40 % de risque de d\u00e9g\u00e2t de gr\u00eale sur les cultures, suite au d\u00e9sengagement budg\u00e9taire du d\u00e9partement <a href=\"https:\/\/www.vitisphere.com\/actualite-104152-moins-de-moyens-et-de-protection-contre-la-grele-dans-le-vignoble-bordelais-en-mode-degrade-.html\" target=\"_blank\" rel=\"noopener\">(35\u00a0000 \u20ac en 2025, contre 165\u00a0000 \u20ac par le pass\u00e9<\/a>) et au non-abondement suppl\u00e9mentaire de la fili\u00e8re vin AOC (la cotisation restant \u00e0 1,5 \u20ac\/ha). \u00ab\u00a0Il y avait 30 \u00e0 35 % de risque [de d\u00e9g\u00e2t de gr\u00eale ce samedi 10 mai] donc pas d&rsquo;alerte hier\u00a0\u00bb confirme J\u00e9r\u00f4me Laduye, le technicien-animateur du r\u00e9seau de l\u2019Association D\u00e9partementale d&rsquo;Etude et de Lutte contre les Fl\u00e9aux Atmosph\u00e9riques de la Gironde (ADELFA 33).<\/p>\n<p>&#13;<br \/>\n\t\u00ab\u00a0Comme le seuil de risque \u00e9tait \u00e0 30 % nous n\u2019avons pas allum\u00e9 les g\u00e9n\u00e9rateurs puisque nous ne d\u00e9clenchons qu\u2019\u00e0 40 %\u00a0\u00bb indique Dominique F\u00e9dieu, le pr\u00e9sident de l\u2019ADELFA 33 et l\u2019association nationale (ANELFA). Le conseiller d\u00e9partemental du canton Sud-M\u00e9doc (majorit\u00e9 d\u00e9partementale PS) plaide pour un engagement des collectivit\u00e9s publiques (communes, d\u00e9partement et r\u00e9gion), de la fili\u00e8re vin (via la F\u00e9d\u00e9ration des Grands Vins de Bordeaux, FGVB) et des assureurs (le r\u00e9seau antigr\u00eale prot\u00e9geant aussi les habitations, les voitures, etc.) dans la lutte contre les orages et gr\u00ealons alors que le changement climatique menace d\u2019accro\u00eetre les al\u00e9as \u00e0 l\u2019avenir. L\u2019ADELFA tient ce 27 juin son assembl\u00e9e g\u00e9n\u00e9rale \u00e0 la mairie de N\u00e9rigean sur l\u2019avenir de sa couverture antigr\u00eale (son budget \u00e9tant d\u00e9sormais calibr\u00e9 pour 100 chemin\u00e9es et plus 100).<\/p>\n<p style=\"text-align: center;\">&#13;<br \/>\n\t<img decoding=\"async\" alt=\"\" src=\"https:\/\/www.europesays.com\/fr\/wp-content\/uploads\/2025\/05\/image00000111.JPG\" style=\"height: 500px; width: 281px;\"\/><\/p>\n<p style=\"text-align: center;\">&#13;<br \/>\n\tLes vignes approchaient du stade des boutons floraux s\u00e9par\u00e9s. Photo : Armand Schuster de Ballwil.<\/p>\n<p style=\"text-align: center;\">&#13;<br \/>\n\t<img decoding=\"async\" alt=\"\" src=\"https:\/\/www.europesays.com\/fr\/wp-content\/uploads\/2025\/05\/image00000011.JPG\" style=\"width: 338px; height: 600px;\"\/><\/p>\n<p style=\"text-align: center;\">&#13;<br \/>\n\tPhoto : Armand Schuster de Ballwil.<\/p>\n<p style=\"text-align: center;\">&#13;<br \/>\n\t<img decoding=\"async\" alt=\"\" src=\"https:\/\/www.europesays.com\/fr\/wp-content\/uploads\/2025\/05\/image00000911.JPG\" style=\"width: 281px; height: 500px;\"\/><\/p>\n<p style=\"text-align: center;\">&#13;<br \/>\n\tPhoto : Armand Schuster de Ballwil.<\/p>\n<p style=\"text-align: center;\">&#13;<br \/>\n\t\u00a0<\/p>\n","protected":false},"excerpt":{"rendered":"Le vignoble bordelais n\u2019avait pas besoin de \u00e7a : un orage a touch\u00e9 localement des parcelles hier, mettant&hellip;\n","protected":false},"author":2,"featured_media":91966,"comment_status":"","ping_status":"","sticky":false,"template":"","format":"standard","meta":{"footnotes":""},"categories":[2817],"tags":[1111,11,20352,1997,4734,1777,674,1011,27,2905,17701,20351,20350,12,2219,25],"class_list":{"0":"post-91965","1":"post","2":"type-post","3":"status-publish","4":"format-standard","5":"has-post-thumbnail","7":"category-bordeaux","8":"tag-actu","9":"tag-actualites","10":"tag-assurance-climatique","11":"tag-bordeaux","12":"tag-changement-climatique","13":"tag-eu","14":"tag-europe","15":"tag-fr","16":"tag-france","17":"tag-gironde","18":"tag-grele","19":"tag-lactu-du-millesime","20":"tag-millesime-2025","21":"tag-news","22":"tag-nouvelle-aquitaine","23":"tag-republique-francaise"},"share_on_mastodon":{"url":"https:\/\/pubeurope.com\/@fr\/114489667397554814","error":""},"_links":{"self":[{"href":"https:\/\/www.europesays.com\/fr\/wp-json\/wp\/v2\/posts\/91965","targetHints":{"allow":["GET"]}}],"collection":[{"href":"https:\/\/www.europesays.com\/fr\/wp-json\/wp\/v2\/posts"}],"about":[{"href":"https:\/\/www.europesays.com\/fr\/wp-json\/wp\/v2\/types\/post"}],"author":[{"embeddable":true,"href":"https:\/\/www.europesays.com\/fr\/wp-json\/wp\/v2\/users\/2"}],"replies":[{"embeddable":true,"href":"https:\/\/www.europesays.com\/fr\/wp-json\/wp\/v2\/comments?post=91965"}],"version-history":[{"count":0,"href":"https:\/\/www.europesays.com\/fr\/wp-json\/wp\/v2\/posts\/91965\/revisions"}],"wp:featuredmedia":[{"embeddable":true,"href":"https:\/\/www.europesays.com\/fr\/wp-json\/wp\/v2\/media\/91966"}],"wp:attachment":[{"href":"https:\/\/www.europesays.com\/fr\/wp-json\/wp\/v2\/media?parent=91965"}],"wp:term":[{"taxonomy":"category","embeddable":true,"href":"https:\/\/www.europesays.com\/fr\/wp-json\/wp\/v2\/categories?post=91965"},{"taxonomy":"post_tag","embeddable":true,"href":"https:\/\/www.europesays.com\/fr\/wp-json\/wp\/v2\/tags?post=91965"}],"curies":[{"name":"wp","href":"https:\/\/api.w.org\/{rel}","templated":true}]}}