{"id":91967,"date":"2025-05-11T14:27:08","date_gmt":"2025-05-11T14:27:08","guid":{"rendered":"https:\/\/www.europesays.com\/fr\/91967\/"},"modified":"2025-05-11T14:27:08","modified_gmt":"2025-05-11T14:27:08","slug":"pres-de-toulouse-ivre-un-homme-seme-le-trouble-dans-un-magasin-de-bricolage","status":"publish","type":"post","link":"https:\/\/www.europesays.com\/fr\/91967\/","title":{"rendered":"Pr\u00e8s de Toulouse. Ivre, un homme s\u00e8me le trouble dans un magasin de bricolage"},"content":{"rendered":"<p>            Par<br \/>\n        <strong><br \/>\n            <a href=\"https:\/\/actu.fr\/auteur\/marie-lamarque\" title=\"Consulter tous les articles de Marie Lamarque\" rel=\"nofollow noopener\" target=\"_blank\">Marie Lamarque<\/a><br \/>\n        <\/strong><\/p>\n<p>        Publi\u00e9 le<\/p>\n<p>            11 mai 2025 \u00e0 15h29        <\/p>\n<p>Plus de peur que de mal dans le magasin Leroy Merlin de Balma, pr\u00e8s de <a href=\"https:\/\/actu.fr\/toulouse\/\" rel=\"nofollow noopener\" target=\"_blank\">Toulouse<\/a>. Ce dimanche 11 mai 2025, aux alentours de midi, <strong>un homme, ivre, a p\u00e9n\u00e9tr\u00e9 dans l\u2019enseigne<\/strong> <strong>de bricolage<\/strong>. Il a sem\u00e9 le trouble en importunant plusieurs clients. Les forces de l\u2019ordre sont intervenues sur les lieux, d\u2019autant qu\u2019il <strong>mena\u00e7ait de faire usage d\u2019une arme<\/strong>.<\/p>\n<p>    <a href=\"https:\/\/www.google.com\/maps\/embed?pb=!1m18!1m12!1m3!1d5779.332970209701!2d1.4968761749420962!3d43.59266275634598!2m3!1f0!2f0!3f0!3m2!1i1024!2i768!4f13.1!3m3!1m2!1s0x12aebda018f6131d%3A0x63bf7e2ab945c1ab!2sLeroy%20Merlin%20Balma%20-%20Toulouse!5e0!3m2!1sfr!2sfr!4v1746968815111!5m2!1sfr!2sfr\" title=\"Ouvrie le lien\" rel=\"nofollow noopener\" target=\"_blank\">Cliquez ici pour visualiser le contenu<\/a><\/p>\n<p>Il pouvait avoir une arme<\/p>\n<p class=\" wall-content\">Les faits ont \u00e9t\u00e9 rapport\u00e9s par nos confr\u00e8res de <a href=\"https:\/\/www.ladepeche.fr\/2025\/05\/11\/plusieurs-clients-sont-partis-un-homme-ivre-seme-la-panique-dans-un-leroy-merlin-12688958.php\" rel=\"nofollow noopener\" target=\"_blank\">La D\u00e9p\u00eache<\/a>. L\u2019homme a \u00e9t\u00e9 \u00ab\u00a0sorti du magasin par le vigile. Il a fait un geste qui laissait croire qu\u2019il pouvait avoir quelque chose sur lui\u00a0\u00bb, indique la gendarmerie, contact\u00e9e par Actu Toulouse.<\/p>\n<p class=\" wall-content\">Selon un t\u00e9moin, l\u2019individu, \u00ab\u00a0\u00e2g\u00e9 d\u2019une trentaine d\u2019ann\u00e9es\u00a0\u00bb, a \u00ab\u00a0caus\u00e9 quelques troubles, sans non plus semer la panique\u00a0\u00bb.<\/p>\n<p>Plac\u00e9 en cellule de d\u00e9grisement<\/p>\n<p class=\" wall-content\">Contr\u00f4l\u00e9 au volant de son v\u00e9hicule, sur le parking, l\u2019homme <strong>n\u2019avait finalement aucune arme sur lui<\/strong>.\u00a0Il a \u00e9t\u00e9 plac\u00e9 en <strong>cellule de d\u00e9grisement<\/strong>.<\/p>\n<p>Vid\u00e9os : en ce moment sur Actu<\/p>\n<p class=\" wall-content\">Sur place, une responsable de l\u2019enseigne n\u2019a pas souhait\u00e9 faire de commentaires. Le calme \u00e9tait revenu ce dimanche apr\u00e8s-midi.<\/p>\n<p class=\" wall-content\">Suivez toute l\u2019actualit\u00e9 de vos villes et m\u00e9dias favoris en vous inscrivant \u00e0 <a href=\"https:\/\/moncompte.actu.fr\" title=\"D\u00e9couvez Mon Actu\" rel=\"nofollow noopener\" data-trk=\"{&quot;cta&quot;:{&quot;action&quot;:&quot;https:\\\/\\\/moncompte.actu.fr&quot;,&quot;category&quot;:&quot;mon compte&quot;,&quot;from&quot;:&quot;article footer&quot;,&quot;name&quot;:&quot;Mon actu&quot;,&quot;type&quot;:&quot;cta&quot;}}\" target=\"_blank\">Mon Actu<\/a>.<\/p>\n","protected":false},"excerpt":{"rendered":"Par Marie Lamarque Publi\u00e9 le 11 mai 2025 \u00e0 15h29 Plus de peur que de mal dans le&hellip;\n","protected":false},"author":2,"featured_media":91968,"comment_status":"","ping_status":"","sticky":false,"template":"","format":"standard","meta":{"footnotes":""},"categories":[2816],"tags":[1111,11,1777,674,118,1011,27,3381,12,2680,25,2312],"class_list":{"0":"post-91967","1":"post","2":"type-post","3":"status-publish","4":"format-standard","5":"has-post-thumbnail","7":"category-toulouse","8":"tag-actu","9":"tag-actualites","10":"tag-eu","11":"tag-europe","12":"tag-faits-divers","13":"tag-fr","14":"tag-france","15":"tag-gendarmerie","16":"tag-news","17":"tag-occitanie","18":"tag-republique-francaise","19":"tag-toulouse"},"share_on_mastodon":{"url":"https:\/\/pubeurope.com\/@fr\/114489671272417702","error":""},"_links":{"self":[{"href":"https:\/\/www.europesays.com\/fr\/wp-json\/wp\/v2\/posts\/91967","targetHints":{"allow":["GET"]}}],"collection":[{"href":"https:\/\/www.europesays.com\/fr\/wp-json\/wp\/v2\/posts"}],"about":[{"href":"https:\/\/www.europesays.com\/fr\/wp-json\/wp\/v2\/types\/post"}],"author":[{"embeddable":true,"href":"https:\/\/www.europesays.com\/fr\/wp-json\/wp\/v2\/users\/2"}],"replies":[{"embeddable":true,"href":"https:\/\/www.europesays.com\/fr\/wp-json\/wp\/v2\/comments?post=91967"}],"version-history":[{"count":0,"href":"https:\/\/www.europesays.com\/fr\/wp-json\/wp\/v2\/posts\/91967\/revisions"}],"wp:featuredmedia":[{"embeddable":true,"href":"https:\/\/www.europesays.com\/fr\/wp-json\/wp\/v2\/media\/91968"}],"wp:attachment":[{"href":"https:\/\/www.europesays.com\/fr\/wp-json\/wp\/v2\/media?parent=91967"}],"wp:term":[{"taxonomy":"category","embeddable":true,"href":"https:\/\/www.europesays.com\/fr\/wp-json\/wp\/v2\/categories?post=91967"},{"taxonomy":"post_tag","embeddable":true,"href":"https:\/\/www.europesays.com\/fr\/wp-json\/wp\/v2\/tags?post=91967"}],"curies":[{"name":"wp","href":"https:\/\/api.w.org\/{rel}","templated":true}]}}