{"id":91971,"date":"2025-05-11T14:30:56","date_gmt":"2025-05-11T14:30:56","guid":{"rendered":"https:\/\/www.europesays.com\/fr\/91971\/"},"modified":"2025-05-11T14:30:56","modified_gmt":"2025-05-11T14:30:56","slug":"brest-lille-pour-bradley-locko-enfin-le-bout-du-tunnel-apres-un-an-dattente","status":"publish","type":"post","link":"https:\/\/www.europesays.com\/fr\/91971\/","title":{"rendered":"Brest &#8211; Lille\u00a0: pour Bradley Locko, enfin le bout du tunnel apr\u00e8s un an d\u2019attente"},"content":{"rendered":"<p>Ligue 1 (33e journ\u00e9e). Stade Brestois &#8211; Lille : 2-0<\/p>\n<p>Il ne voulait pas \u00ab forcer le truc \u00bb, indiquait-il apr\u00e8s Montpellier. Les spectateurs de Le Bl\u00e9, eux, n\u2019ont aucunement eu \u00e0 se forcer pour acclamer, de longues minutes durant, l\u2019un de leurs plus fervents prot\u00e9g\u00e9s. Arriv\u00e9 par la petite porte sur la pointe finist\u00e9rienne, Bradley Locko s\u2019est offert un retour en grande pompe, un an jour pour jour apr\u00e8s ses derni\u00e8res chevauch\u00e9es dans l\u2019antre brestois.<\/p>\n<p>En rempla\u00e7ant Massadio Ha\u00efdara apr\u00e8s 72 minutes de jeu face \u00e0 Lille, le lat\u00e9ral a mis fin \u00e0 une interminable attente, cruellement d\u00e9but\u00e9e par une rupture du tendon d\u2019Achille survenue \u00e0 l\u2019entra\u00eenement, \u00e0 la veille du d\u00e9but de saison. Sans extravagances, le natif d\u2019Ivry a tout de m\u00eame pu participer \u00e0 quelques actions offensives, le tout face \u00e0 un adversaire pas des plus simples \u00e0 appr\u00e9hender pour un retour \u00e0 la comp\u00e9tition.<\/p>\n<p>Un tour d\u2019honneur<\/p>\n<p>Dimanche dernier, d\u00e9j\u00e0, celui qui a f\u00eat\u00e9 ses 23 ans mardi avait retrouv\u00e9 Le Bl\u00e9, son banc et ses supporters, mais ne s\u2019\u00e9tait que simplement \u00e9chauff\u00e9 apr\u00e8s un choc entre Ha\u00efdara et Tanguy Coulibaly. \u00ab \u00c7a m\u2019a fait du bien, appuyait l\u2019int\u00e9ress\u00e9 apr\u00e8s la victoire contre les H\u00e9raultais. \u00c7a m\u2019a fait tout dr\u00f4le, comme \u00e7a fait neuf mois que je n\u2019ai pas jou\u00e9. \u00bb<\/p>\n<p>Pour sa derni\u00e8re sur un terrain, il avait quitt\u00e9, t\u00eate basse, la pelouse du Parc des Princes, en ao\u00fbt, le temps d\u2019une finale des Jeux olympiques perdue avec la France contre l\u2019Espagne. Nul doute que sa soir\u00e9e de retour contre Lille, ponctu\u00e9e par un joyeux tour d\u2019honneur, saura lancer au mieux le nouveau d\u00e9part de sa carri\u00e8re.<\/p>\n","protected":false},"excerpt":{"rendered":"Ligue 1 (33e journ\u00e9e). Stade Brestois &#8211; Lille : 2-0 Il ne voulait pas \u00ab forcer le truc&hellip;\n","protected":false},"author":2,"featured_media":91972,"comment_status":"","ping_status":"","sticky":false,"template":"","format":"standard","meta":{"footnotes":""},"categories":[2815],"tags":[1111,11,3450,1777,674,63,1011,27,811,66,1307,12,25,60,4449],"class_list":{"0":"post-91971","1":"post","2":"type-post","3":"status-publish","4":"format-standard","5":"has-post-thumbnail","7":"category-lille","8":"tag-actu","9":"tag-actualites","10":"tag-brest","11":"tag-eu","12":"tag-europe","13":"tag-football","14":"tag-fr","15":"tag-france","16":"tag-hauts-de-france","17":"tag-ligue-1","18":"tag-lille","19":"tag-news","20":"tag-republique-francaise","21":"tag-sports","22":"tag-stade-brestois"},"share_on_mastodon":{"url":"https:\/\/pubeurope.com\/@fr\/114489686982585332","error":""},"_links":{"self":[{"href":"https:\/\/www.europesays.com\/fr\/wp-json\/wp\/v2\/posts\/91971","targetHints":{"allow":["GET"]}}],"collection":[{"href":"https:\/\/www.europesays.com\/fr\/wp-json\/wp\/v2\/posts"}],"about":[{"href":"https:\/\/www.europesays.com\/fr\/wp-json\/wp\/v2\/types\/post"}],"author":[{"embeddable":true,"href":"https:\/\/www.europesays.com\/fr\/wp-json\/wp\/v2\/users\/2"}],"replies":[{"embeddable":true,"href":"https:\/\/www.europesays.com\/fr\/wp-json\/wp\/v2\/comments?post=91971"}],"version-history":[{"count":0,"href":"https:\/\/www.europesays.com\/fr\/wp-json\/wp\/v2\/posts\/91971\/revisions"}],"wp:featuredmedia":[{"embeddable":true,"href":"https:\/\/www.europesays.com\/fr\/wp-json\/wp\/v2\/media\/91972"}],"wp:attachment":[{"href":"https:\/\/www.europesays.com\/fr\/wp-json\/wp\/v2\/media?parent=91971"}],"wp:term":[{"taxonomy":"category","embeddable":true,"href":"https:\/\/www.europesays.com\/fr\/wp-json\/wp\/v2\/categories?post=91971"},{"taxonomy":"post_tag","embeddable":true,"href":"https:\/\/www.europesays.com\/fr\/wp-json\/wp\/v2\/tags?post=91971"}],"curies":[{"name":"wp","href":"https:\/\/api.w.org\/{rel}","templated":true}]}}