{"id":91977,"date":"2025-05-11T14:33:07","date_gmt":"2025-05-11T14:33:07","guid":{"rendered":"https:\/\/www.europesays.com\/fr\/91977\/"},"modified":"2025-05-11T14:33:07","modified_gmt":"2025-05-11T14:33:07","slug":"les-touristes-revenaient-de-bali-avec-3-kilos-de-coraux-dans-leurs-bagages-les-douanes-de-saint-exupery-intraitables","status":"publish","type":"post","link":"https:\/\/www.europesays.com\/fr\/91977\/","title":{"rendered":"les touristes revenaient de Bali avec 3 kilos de coraux dans leurs bagages, les douanes de Saint-Exup\u00e9ry intraitables"},"content":{"rendered":"<p>Lyon : les touristes revenaient de Bali avec 3 kilos de coraux dans leurs bagages, les douanes de Saint-Exup\u00e9ry intraitables &#8211; DR Douanes<\/p>\n<p itemprop=\"description\"><strong>Leurs bagages p\u00e8seront moins lourd sur le chemin vers leur domicile.<\/strong><\/p>\n<p>Les douanes annoncent avoir contr\u00f4l\u00e9 un couple lundi \u00e0 l&rsquo;a\u00e9roport de Lyon Saint-Exup\u00e9ry.<\/p>\n<p>De retour de Bali avec une escale \u00e0 Madrid, ils avaient rapport\u00e9 des souvenirs de leur voyage. En effet, pas moins de 18 coraux, pour un poids total de 3,1kg, ont \u00e9t\u00e9 retrouv\u00e9s dans leurs valises.<\/p>\n<p>Or, ces esp\u00e8ces prot\u00e9g\u00e9es sont soumises \u00e0 une r\u00e8glementation tr\u00e8s stricte.<\/p>\n<p>Sans permis CITES ou notification d&rsquo;importation, le couple a \u00e9t\u00e9 oblig\u00e9 de remettre les coraux aux autorit\u00e9s.<\/p>\n<p>Pour rappel, la peine encourue pour ce type d&rsquo;importation ill\u00e9gale peut monter jusqu&rsquo;\u00e0 3 ans de prison et 150 000 euros d&rsquo;amende.<\/p>\n<blockquote class=\"twitter-tweet\"><p>&#13;<\/p>\n<p dir=\"ltr\" lang=\"fr\">\ud83d\udea8 <a href=\"https:\/\/twitter.com\/hashtag\/AffaireDuJour?src=hash&amp;ref_src=twsrc%5Etfw\" target=\"_blank\" rel=\"noopener\">#AffaireDuJour<\/a> | Saisie de coraux prot\u00e9g\u00e9s \u00e0 l\u2019a\u00e9roport de Lyon St-Exup\u00e9ry<\/p>\n<p>\ud83d\udcc6 Le 5 mai, 18 coraux (3,1 kg) ont \u00e9t\u00e9 d\u00e9couverts dans les bagages d\u2019un couple en provenance de Bali via Madrid. Rappelons que les coraux sont des esp\u00e8ces prot\u00e9g\u00e9es dont l\u2019importation est r\u00e9glement\u00e9e\u2026 <a href=\"https:\/\/t.co\/wNgOz2tv57\">pic.twitter.com\/wNgOz2tv57<\/a><\/p>\n<p>&#13;<br \/>\n\u2014 Direction g\u00e9n\u00e9rale des douanes et droits indirects (@douane_france) <a href=\"https:\/\/twitter.com\/douane_france\/status\/1920865094944043119?ref_src=twsrc%5Etfw\" target=\"_blank\" rel=\"noopener\">May 9, 2025<\/a><\/p><\/blockquote>\n<p>\t\t  <script async src=\"https:\/\/platform.twitter.com\/widgets.js\" charset=\"utf-8\"><\/script><\/p>\n","protected":false},"excerpt":{"rendered":"Lyon : les touristes revenaient de Bali avec 3 kilos de coraux dans leurs bagages, les douanes de&hellip;\n","protected":false},"author":2,"featured_media":91978,"comment_status":"","ping_status":"","sticky":false,"template":"","format":"standard","meta":{"footnotes":""},"categories":[1889],"tags":[1111,11,2813,2190,2430,1109,251,1112,2811,1777,674,118,1011,27,1922,1110,1114,2428,2810,12,241,316,25,2812,517,800],"class_list":{"0":"post-91977","1":"post","2":"type-post","3":"status-publish","4":"format-standard","5":"has-post-thumbnail","7":"category-lyon","8":"tag-actu","9":"tag-actualites","10":"tag-article","11":"tag-asvel","12":"tag-auvergne-rhone-alpes","13":"tag-breves","14":"tag-culture","15":"tag-depeches","16":"tag-economique","17":"tag-eu","18":"tag-europe","19":"tag-faits-divers","20":"tag-fr","21":"tag-france","22":"tag-info","23":"tag-informations","24":"tag-infos","25":"tag-lyon","26":"tag-lyonmag","27":"tag-news","28":"tag-ol","29":"tag-politique","30":"tag-republique-francaise","31":"tag-sociale","32":"tag-sport","33":"tag-transports"},"share_on_mastodon":{"url":"https:\/\/pubeurope.com\/@fr\/114489694898195137","error":""},"_links":{"self":[{"href":"https:\/\/www.europesays.com\/fr\/wp-json\/wp\/v2\/posts\/91977","targetHints":{"allow":["GET"]}}],"collection":[{"href":"https:\/\/www.europesays.com\/fr\/wp-json\/wp\/v2\/posts"}],"about":[{"href":"https:\/\/www.europesays.com\/fr\/wp-json\/wp\/v2\/types\/post"}],"author":[{"embeddable":true,"href":"https:\/\/www.europesays.com\/fr\/wp-json\/wp\/v2\/users\/2"}],"replies":[{"embeddable":true,"href":"https:\/\/www.europesays.com\/fr\/wp-json\/wp\/v2\/comments?post=91977"}],"version-history":[{"count":0,"href":"https:\/\/www.europesays.com\/fr\/wp-json\/wp\/v2\/posts\/91977\/revisions"}],"wp:featuredmedia":[{"embeddable":true,"href":"https:\/\/www.europesays.com\/fr\/wp-json\/wp\/v2\/media\/91978"}],"wp:attachment":[{"href":"https:\/\/www.europesays.com\/fr\/wp-json\/wp\/v2\/media?parent=91977"}],"wp:term":[{"taxonomy":"category","embeddable":true,"href":"https:\/\/www.europesays.com\/fr\/wp-json\/wp\/v2\/categories?post=91977"},{"taxonomy":"post_tag","embeddable":true,"href":"https:\/\/www.europesays.com\/fr\/wp-json\/wp\/v2\/tags?post=91977"}],"curies":[{"name":"wp","href":"https:\/\/api.w.org\/{rel}","templated":true}]}}