{"id":91989,"date":"2025-05-11T14:41:11","date_gmt":"2025-05-11T14:41:11","guid":{"rendered":"https:\/\/www.europesays.com\/fr\/91989\/"},"modified":"2025-05-11T14:41:11","modified_gmt":"2025-05-11T14:41:11","slug":"multimedia-lukraine-est-prete-a-reprendre-les-pourparlers-avec-la-russie-si-le-cessez-le-feu-est-confirme-zelensky-xinhua","status":"publish","type":"post","link":"https:\/\/www.europesays.com\/fr\/91989\/","title":{"rendered":"(Multim\u00e9dia) L&rsquo;Ukraine est pr\u00eate \u00e0 reprendre les pourparlers avec la Russie si le cessez-le-feu est confirm\u00e9 (Zelensky) &#8211; Xinhua"},"content":{"rendered":"<p><img decoding=\"async\" controls=\"controls\" src=\"https:\/\/www.europesays.com\/fr\/wp-content\/uploads\/2025\/05\/2025051115aaf23e1fd841d1ae8c4a40176b522c_XxjifrF007037_20250511_CBMFN0A001.JPG\"\/>Photo prise le 27 juin 2024 montrant le pr\u00e9sident ukrainien Volodymyr Zelensky avant un sommet du Conseil europ\u00e9en \u00e0 Bruxelles, en Belgique. (Xinhua\/Zhao Dingzhe)<\/p>\n<p><strong>Le pr\u00e9sident ukrainien Volodymyr Zelensky a d\u00e9clar\u00e9 dimanche que son pays \u00e9tait pr\u00eat \u00e0 reprendre les n\u00e9gociations directes avec la Russie si Moscou acceptait un cessez-le-feu propos\u00e9 par Kiev.<\/strong><\/p>\n<p>KIEV, 11 mai (Xinhua) &#8212; Le pr\u00e9sident ukrainien Volodymyr Zelensky a d\u00e9clar\u00e9 dimanche que son pays \u00e9tait pr\u00eat \u00e0 reprendre les n\u00e9gociations directes avec la Russie si Moscou acceptait un cessez-le-feu propos\u00e9 par Kiev.<\/p>\n<p>\u00ab\u00a0Nous attendons de la Russie qu&rsquo;elle confirme un cessez-le-feu complet, durable et fiable \u00e0 partir de demain, 12 mai, et l&rsquo;Ukraine est pr\u00eate \u00e0 (le) respecter\u00a0\u00bb, a post\u00e9 M. Zelensky sur le r\u00e9seau social X.<\/p>\n<p>Il a salu\u00e9 la proposition de la Russie de reprendre les pourparlers comme un \u00ab\u00a0signe positif\u00a0\u00bb.<\/p>\n<p>Plus t\u00f4t dans la journ\u00e9e, le pr\u00e9sident russe Vladimir Poutine a propos\u00e9 de reprendre les n\u00e9gociations directes avec l&rsquo;Ukraine le 15 mai \u00e0 Istanbul.<\/p>\n<p>M. Poutine a indiqu\u00e9 que la possibilit\u00e9 d&rsquo;un accord de cessez-le-feu pourrait \u00eatre discut\u00e9e au cours des n\u00e9gociations propos\u00e9es, mais il a soulign\u00e9 que tout cessez-le-feu devait \u00eatre authentique et respect\u00e9 par les deux parties.<\/p>\n<p>Samedi, le ministre ukrainien des Affaires \u00e9trang\u00e8res, Andrii Sybiha, a d\u00e9clar\u00e9 que son pays \u00e9tait pr\u00eat \u00e0 un cessez-le-feu \u00ab\u00a0total et inconditionnel\u00a0\u00bb de 30 jours avec la Russie \u00e0 partir de lundi.<\/p>\n","protected":false},"excerpt":{"rendered":"Photo prise le 27 juin 2024 montrant le pr\u00e9sident ukrainien Volodymyr Zelensky avant un sommet du Conseil europ\u00e9en&hellip;\n","protected":false},"author":2,"featured_media":91990,"comment_status":"","ping_status":"","sticky":false,"template":"","format":"standard","meta":{"footnotes":""},"categories":[1591],"tags":[11,1887,12,20354,1885,1886,132,220],"class_list":{"0":"post-91989","1":"post","2":"type-post","3":"status-publish","4":"format-standard","5":"has-post-thumbnail","7":"category-russie","8":"tag-actualites","9":"tag-federation-de-russie","10":"tag-news","11":"tag-pourparlers","12":"tag-russia","13":"tag-russian-federation","14":"tag-russie","15":"tag-ukraine"},"share_on_mastodon":{"url":"https:\/\/pubeurope.com\/@fr\/114489726370096516","error":""},"_links":{"self":[{"href":"https:\/\/www.europesays.com\/fr\/wp-json\/wp\/v2\/posts\/91989","targetHints":{"allow":["GET"]}}],"collection":[{"href":"https:\/\/www.europesays.com\/fr\/wp-json\/wp\/v2\/posts"}],"about":[{"href":"https:\/\/www.europesays.com\/fr\/wp-json\/wp\/v2\/types\/post"}],"author":[{"embeddable":true,"href":"https:\/\/www.europesays.com\/fr\/wp-json\/wp\/v2\/users\/2"}],"replies":[{"embeddable":true,"href":"https:\/\/www.europesays.com\/fr\/wp-json\/wp\/v2\/comments?post=91989"}],"version-history":[{"count":0,"href":"https:\/\/www.europesays.com\/fr\/wp-json\/wp\/v2\/posts\/91989\/revisions"}],"wp:featuredmedia":[{"embeddable":true,"href":"https:\/\/www.europesays.com\/fr\/wp-json\/wp\/v2\/media\/91990"}],"wp:attachment":[{"href":"https:\/\/www.europesays.com\/fr\/wp-json\/wp\/v2\/media?parent=91989"}],"wp:term":[{"taxonomy":"category","embeddable":true,"href":"https:\/\/www.europesays.com\/fr\/wp-json\/wp\/v2\/categories?post=91989"},{"taxonomy":"post_tag","embeddable":true,"href":"https:\/\/www.europesays.com\/fr\/wp-json\/wp\/v2\/tags?post=91989"}],"curies":[{"name":"wp","href":"https:\/\/api.w.org\/{rel}","templated":true}]}}