{"id":92023,"date":"2025-05-11T14:59:09","date_gmt":"2025-05-11T14:59:09","guid":{"rendered":"https:\/\/www.europesays.com\/fr\/92023\/"},"modified":"2025-05-11T14:59:09","modified_gmt":"2025-05-11T14:59:09","slug":"linter-va-aussi-gerer-son-effectif-avant-le-psg","status":"publish","type":"post","link":"https:\/\/www.europesays.com\/fr\/92023\/","title":{"rendered":"L&rsquo;Inter va aussi g\u00e9rer son effectif avant le PSG"},"content":{"rendered":"<p><img width=\"780\" height=\"470\" src=\"https:\/\/www.europesays.com\/fr\/wp-content\/uploads\/2025\/05\/Finale--780x470.png\" class=\"attachment-jannah-image-post size-jannah-image-post wp-post-image\" alt=\"Finale ??\" is_main_img=\"1\" decoding=\"async\" fetchpriority=\"high\"\/><\/p>\n<p>L\u2019Inter Milan affrontera le PSG en finale de la Ligue des<br \/>\nchampions le 31 mai. M\u00eame si le club milanais est encore en course<br \/>\npour le titre, Simone Inzaghi devrait g\u00e9rer son effectif en vue de<br \/>\nl\u2019affrontement avec le PSG.<\/p>\n<p>Si le <strong>PSG<\/strong> est d\u00e9j\u00e0 champion de<br \/>\n<strong>France<\/strong> et peut se permettre de faire souffler ses<br \/>\ncadres et offrir du temps de jeu \u00e0 ses titis ou ceux qui ont peu<br \/>\njouer cette saison lors de ses deux derniers matches de<br \/>\n<strong><a href=\"https:\/\/canal-supporters.com\/le-psg-simpose-tranquillement-contre-montpellier-4-1\/\" title=\"\" rel=\"nofollow noopener\" target=\"_blank\">Ligue 1<\/a><\/strong>, ce n\u2019est pas forc\u00e9ment le cas de son<br \/>\nadversaire en finale de la <strong><a href=\"https:\/\/canal-supporters.com\/le-beau-geste-de-nasser-al-khelaifi-pour-les-salaries-du-psg\/\" title=\"\" rel=\"nofollow noopener\" target=\"_blank\">Ligue des champions<\/a><\/strong> le 31 mai prochain,<br \/>\nl\u2019<strong>Inter Milan<\/strong>. Deuxi\u00e8me \u00e0 trois points de<br \/>\n<strong>Naples<\/strong>, le club milanais peut encore pr\u00e9tendre \u00e0<br \/>\nremporter le titre de champion <strong>d\u2019Italie<\/strong>. Pour<br \/>\ncela, il lui reste trois voire quatre matches, dont celui face au<br \/>\n<strong>Torino<\/strong> ce dimanche apr\u00e8s-midi (18 heures).<\/p>\n<p>A voir aussi : <a href=\"https:\/\/canal-supporters.com\/psg-inter-le-calendrier-des-deux-equipes-avant-la-finale\/\" title=\"\" rel=\"nofollow noopener\" target=\"_blank\">PSG \/ Inter \u2013 Le calendrier des deux \u00e9quipes avant la<br \/>\nfinale<\/a><\/p>\n<p><a href=\"https:\/\/x.com\/CanalSupporters\" target=\"_blank\" rel=\"noopener nofollow\" title=\"\">canalsupporters.com<\/a><\/p>\n<p>Seulement deux<br \/>\ntitulaires habituels dans le onze face au Torino ?<\/p>\n<p>Pour cette rencontre de la 36e journ\u00e9e de <strong>Serie<br \/>\nA<\/strong>, et malgr\u00e9 l\u2019enjeu du titre, <strong>Simone<br \/>\nInzaghi<\/strong> devrait tout de m\u00eame g\u00e9rer son effectif face au<br \/>\nonzi\u00e8me du championnat, qui n\u2019a plus rien \u00e0 jouer. \u00c0 20 jours de la<br \/>\nfinale contre le <strong>PSG,<\/strong> le coach int\u00e9riste a d\u00e9cid\u00e9<br \/>\nde laisser quatre de ses cadres au repos, comme le rapporte<br \/>\n<a href=\"https:\/\/www.lequipe.fr\/Football\/Actualites\/Toujours-a-la-lutte-pour-le-titre-en-italie-comment-l-inter-va-gerer-les-temps-de-jeu-jusqu-a-la-finale-de-c1\/1560820\" target=\"_blank\" rel=\"noopener nofollow\" title=\"\">L\u2019Equipe<\/a>.<br \/>\n<strong>Benjamin Pavard<\/strong>, absent des deux demi-finales<br \/>\ncontre le <strong>FC Barcelone<\/strong>, continue de soigner une<br \/>\nl\u00e9g\u00e8re entorse \u00e0 la cheville gauche. Touch\u00e9 \u00e0 la cuisse gauche lors<br \/>\nde la manche aller mais bien pr\u00e9sent au retour contre le<br \/>\n<strong>Bar\u00e7a<\/strong>, <strong>Lautaro Martinez<\/strong> est aussi<br \/>\nlaiss\u00e9 au repos pour pouvoir r\u00e9cup\u00e9rer pleinement. <strong>Henrikh<br \/>\nMkhitaryan<\/strong>, victime d\u2019une petite alerte musculaire \u00e0 la<br \/>\ncuisse droite, est \u00e9galement rest\u00e9 \u00e0 <strong>Milan<\/strong>, tout<br \/>\ncomme <strong>Davide Frattesi<\/strong>, encore diminu\u00e9 par des<br \/>\ndouleurs abdominales qui avaient failli l\u2019\u00e9carter de la victoire<br \/>\ncontre le <strong>Bar\u00e7<\/strong>a dont il a \u00e9t\u00e9 l\u2019un des h\u00e9ros,<br \/>\nindique le quotidien sportif. \u00ab\u00a0Le onze de d\u00e9part sera<br \/>\ndonc fortement remani\u00e9, avec une \u00e9ventuelle nouveaut\u00e9<br \/>\ntactique\u00a0: l\u2019utilisation de <strong>Nicola Zalewski<\/strong><br \/>\nen relayeur, plut\u00f4t qu\u2019\u00e0 son poste habituel de piston. Le gardien<br \/>\n<strong>Yann Sommer<\/strong> et le d\u00e9fenseur central gauche<br \/>\n<strong>Alessandro Bastoni<\/strong> pourraient \u00eatre ainsi les seuls<br \/>\ntitulaires habituels align\u00e9s.\u00a0\u00bb L\u2019issue du match contre<br \/>\nle <strong>Torino<\/strong> ainsi que celle de la rencontre de<br \/>\n<strong>Naples<\/strong> (qui re\u00e7oit le <strong>Genoa<\/strong>) dans<br \/>\nla foul\u00e9e influenceront la gestion de l\u2019effectif lors des deux<br \/>\nderni\u00e8res journ\u00e9es, mais l\u2019objectif est d\u2019\u00e9viter tout rel\u00e2chement<br \/>\nexcessif afin d\u2019arriver \u00e0 <strong>Munich<\/strong> pour la finale de<br \/>\n<strong>C1<\/strong> du 31\u00a0mai contre le <strong>PSG<\/strong><br \/>\ndans la meilleure forme psycho-physique possible, conclut<br \/>\nL\u2019Equipe.<\/p><\/p>\n","protected":false},"excerpt":{"rendered":"L\u2019Inter Milan affrontera le PSG en finale de la Ligue des champions le 31 mai. M\u00eame si le&hellip;\n","protected":false},"author":2,"featured_media":92024,"comment_status":"","ping_status":"","sticky":false,"template":"","format":"standard","meta":{"footnotes":""},"categories":[1410],"tags":[786,81,448,787,2396,63,1011,27,10317,4788,789,447,1897,626,91,92,93,19330,20357,19331,19332,67,20358,60,20359,795,796,96],"class_list":{"0":"post-92023","1":"post","2":"type-post","3":"status-publish","4":"format-standard","5":"has-post-thumbnail","7":"category-football","8":"tag-c1","9":"tag-canal-supporters","10":"tag-champions-league","11":"tag-cs","12":"tag-finale","13":"tag-football","14":"tag-fr","15":"tag-france","16":"tag-inter","17":"tag-inter-milan","18":"tag-ldc","19":"tag-ligue-des-champions","20":"tag-munich","21":"tag-paris","22":"tag-paris-saint-germain","23":"tag-paris-sg","24":"tag-psg","25":"tag-psg-int","26":"tag-psg-inter","27":"tag-psg-inter-milan","28":"tag-psgint","29":"tag-serie-a","30":"tag-simone-inzaghi","31":"tag-sports","32":"tag-torino","33":"tag-ucl","34":"tag-uefa-champions-league","35":"tag-une"},"share_on_mastodon":{"url":"https:\/\/pubeurope.com\/@fr\/114489797185790525","error":""},"_links":{"self":[{"href":"https:\/\/www.europesays.com\/fr\/wp-json\/wp\/v2\/posts\/92023","targetHints":{"allow":["GET"]}}],"collection":[{"href":"https:\/\/www.europesays.com\/fr\/wp-json\/wp\/v2\/posts"}],"about":[{"href":"https:\/\/www.europesays.com\/fr\/wp-json\/wp\/v2\/types\/post"}],"author":[{"embeddable":true,"href":"https:\/\/www.europesays.com\/fr\/wp-json\/wp\/v2\/users\/2"}],"replies":[{"embeddable":true,"href":"https:\/\/www.europesays.com\/fr\/wp-json\/wp\/v2\/comments?post=92023"}],"version-history":[{"count":0,"href":"https:\/\/www.europesays.com\/fr\/wp-json\/wp\/v2\/posts\/92023\/revisions"}],"wp:featuredmedia":[{"embeddable":true,"href":"https:\/\/www.europesays.com\/fr\/wp-json\/wp\/v2\/media\/92024"}],"wp:attachment":[{"href":"https:\/\/www.europesays.com\/fr\/wp-json\/wp\/v2\/media?parent=92023"}],"wp:term":[{"taxonomy":"category","embeddable":true,"href":"https:\/\/www.europesays.com\/fr\/wp-json\/wp\/v2\/categories?post=92023"},{"taxonomy":"post_tag","embeddable":true,"href":"https:\/\/www.europesays.com\/fr\/wp-json\/wp\/v2\/tags?post=92023"}],"curies":[{"name":"wp","href":"https:\/\/api.w.org\/{rel}","templated":true}]}}