{"id":92027,"date":"2025-05-11T15:02:09","date_gmt":"2025-05-11T15:02:09","guid":{"rendered":"https:\/\/www.europesays.com\/fr\/92027\/"},"modified":"2025-05-11T15:02:09","modified_gmt":"2025-05-11T15:02:09","slug":"lapres-1945-au-coeur-du-salon-du-livre","status":"publish","type":"post","link":"https:\/\/www.europesays.com\/fr\/92027\/","title":{"rendered":"l\u2019apr\u00e8s-1945, au c\u0153ur du Salon du livre"},"content":{"rendered":"<p>Jean-Paul Robert, pr\u00e9sident de l\u2019association organisatrice L\u2019Encrier bleu, soutenu par les b\u00e9n\u00e9voles, est satisfait de la 4e \u00e9dition du Salon du livre, qui a eu lieu le premier week-end de mai \u00e0 l\u2019espace Rabelais. \u00ab\u00a0Nous avons voulu \u00e9quilibrer les diff\u00e9rents genres de livres propos\u00e9s au salon. Pour cela, nous avons \u00e9tudi\u00e9 toutes les demandes. C\u2019est dur de refuser la venue d\u2019un auteur. Ils \u00e9taient malgr\u00e9 tout plus d\u2019une soixantaine, avec pour th\u00e8me l\u2019apr\u00e8s-1945. Une r\u00e9f\u00e9rence bien s\u00fbr aux 80\u00a0ans de la fin de la Seconde Guerre mondiale\u00a0\u00bb, explique Jean-Paul Robert.<\/p>\n<p>Les animations \u2013 conf\u00e9rences, expositions, d\u00e9dicaces \u2013\u00a0ont attir\u00e9 le public. Les responsables ont d\u2019ailleurs constat\u00e9 une \u00e9volution\u00a0: \u00ab\u00a0Nous avons remarqu\u00e9 un rajeunissement de la fr\u00e9quentation, c\u2019est une bonne chose. Le th\u00e8me est important car il faut accrocher les lecteurs qui viennent\u00a0\u00bb, souligne le pr\u00e9sident.<\/p>\n","protected":false},"excerpt":{"rendered":"Jean-Paul Robert, pr\u00e9sident de l\u2019association organisatrice L\u2019Encrier bleu, soutenu par les b\u00e9n\u00e9voles, est satisfait de la 4e \u00e9dition&hellip;\n","protected":false},"author":2,"featured_media":92028,"comment_status":"","ping_status":"","sticky":false,"template":"","format":"standard","meta":{"footnotes":""},"categories":[1357],"tags":[1379,16806,1674,58,59,1011,27,1380],"class_list":{"0":"post-92027","1":"post","2":"type-post","3":"status-publish","4":"format-standard","5":"has-post-thumbnail","7":"category-livres","8":"tag-books","9":"tag-chinon","10":"tag-communes","11":"tag-divertissement","12":"tag-entertainment","13":"tag-fr","14":"tag-france","15":"tag-livres"},"share_on_mastodon":{"url":"https:\/\/pubeurope.com\/@fr\/114489808892334690","error":""},"_links":{"self":[{"href":"https:\/\/www.europesays.com\/fr\/wp-json\/wp\/v2\/posts\/92027","targetHints":{"allow":["GET"]}}],"collection":[{"href":"https:\/\/www.europesays.com\/fr\/wp-json\/wp\/v2\/posts"}],"about":[{"href":"https:\/\/www.europesays.com\/fr\/wp-json\/wp\/v2\/types\/post"}],"author":[{"embeddable":true,"href":"https:\/\/www.europesays.com\/fr\/wp-json\/wp\/v2\/users\/2"}],"replies":[{"embeddable":true,"href":"https:\/\/www.europesays.com\/fr\/wp-json\/wp\/v2\/comments?post=92027"}],"version-history":[{"count":0,"href":"https:\/\/www.europesays.com\/fr\/wp-json\/wp\/v2\/posts\/92027\/revisions"}],"wp:featuredmedia":[{"embeddable":true,"href":"https:\/\/www.europesays.com\/fr\/wp-json\/wp\/v2\/media\/92028"}],"wp:attachment":[{"href":"https:\/\/www.europesays.com\/fr\/wp-json\/wp\/v2\/media?parent=92027"}],"wp:term":[{"taxonomy":"category","embeddable":true,"href":"https:\/\/www.europesays.com\/fr\/wp-json\/wp\/v2\/categories?post=92027"},{"taxonomy":"post_tag","embeddable":true,"href":"https:\/\/www.europesays.com\/fr\/wp-json\/wp\/v2\/tags?post=92027"}],"curies":[{"name":"wp","href":"https:\/\/api.w.org\/{rel}","templated":true}]}}