{"id":92029,"date":"2025-05-11T15:03:08","date_gmt":"2025-05-11T15:03:08","guid":{"rendered":"https:\/\/www.europesays.com\/fr\/92029\/"},"modified":"2025-05-11T15:03:08","modified_gmt":"2025-05-11T15:03:08","slug":"comment-cyril-hanouna-va-sengager-dans-le-debat-politique","status":"publish","type":"post","link":"https:\/\/www.europesays.com\/fr\/92029\/","title":{"rendered":"comment Cyril Hanouna va s\u2019engager dans le d\u00e9bat politique"},"content":{"rendered":"<p><strong>EXCLUSIF &#8211;<\/strong> L\u2019animateur-producteur d\u00e9voile au \u00ab\u00a0Figaro\u00a0\u00bb le lancement de Chapchak., une agence de communication multicarte.<\/p>\n<p class=\"fig-paragraph\">Une structure op\u00e9rationnelle d\u00e8s septembre 2025.\u00a0<a href=\"http:\/\/www.lefigaro.fr\/politique\/presidentielle-pourquoi-cyril-hanouna-souffle-le-chaud-et-le-froid-entre-la-tele-et-la-politique-20250502\" target=\"_blank\" data-fig-type=\"Article\" rel=\"noopener\" data-gtm-custom-categorie=\"navigation\" data-gtm-custom-action=\"crossclick\" data-gtm-custom-label=\"Contextuel\" data-gtm-event=\"customEventSPE\" data-fig-domain=\"LEFIGARO\">Cyril Hanouna<\/a>, Aline Poulain et Karl Asti\u00e9 d\u00e9voilent leur projet dans un grand h\u00f4tel du 8e\u00a0arrondissement de Paris, non loin des futurs locaux de Chapchak. Les travaux sont en cours de finitions, les trois associ\u00e9s sont aux manettes et les premiers clients sont d\u00e9j\u00e0 pris en charge depuis quelques semaines.<\/p>\n<p class=\"fig-paragraph\">L\u2019acronyme de la soci\u00e9t\u00e9 reprend les initiales de ses cr\u00e9ateurs comme la compilation de trois profils compl\u00e9mentaires, bien d\u00e9cid\u00e9s \u00e0 mettre leurs exp\u00e9riences crois\u00e9es\u2026<\/p>\n<p class=\"fig-premium-paywall__infos\">\n        Cet article est r\u00e9serv\u00e9 aux abonn\u00e9s.        Il vous reste 94% \u00e0 d\u00e9couvrir.\n    <\/p>\n<p>                <img  data- alt=\"Le Figaro\" class=\"fig-img--complete fig-img\"\/><\/p>\n<p class=\"fig-premium-paywall__title\">Je m&rsquo;informe, je m&rsquo;inspire, je m&rsquo;abonne.<\/p>\n<p class=\"fig-premium-paywall__subtitle\">D\u00e9couvrez notre offre de bienvenue.<\/p>\n<p class=\"fig-premium-paywall__connect\">\n                D\u00e9j\u00e0 abonn\u00e9\u00a0?                <a class=\"fig-premium-paywall__connect-link\" href=\"https:\/\/connect.lefigaro.fr\/login?client=horizon_web&amp;type=main&amp;redirect_uri=https%3A%2F%2Fwww.lefigaro.fr%2Fpolitique%2Fpresidentielle-comment-cyril-hanouna-va-s-engager-dans-le-debat-politique-20250511\" data-js-gtm=\"{&quot;customCategorie&quot;: &quot;conversion&quot;, &quot;customAction&quot;: &quot;before_Landing_Connexion_paywall_manuel&quot;, &quot;customLabel&quot;: &quot;bGVmaWdhcm8uZnJfXzFmMDJkOTExLWQzOTEtNjEwNi05OGYxLWRmMTBiNTM2NWEyN19fQXJ0aWNsZQ==_Pr\u00e9sidentielle\u00a0: comment Cyril Hanouna va s\u2019engager dans le d\u00e9bat politique_167&quot;, &quot;customIDSPE&quot;: &quot;bGVmaWdhcm8uZnJfXzFmMDJkOTExLWQzOTEtNjEwNi05OGYxLWRmMTBiNTM2NWEyN19fQXJ0aWNsZQ==&quot;, &quot;event&quot;: &quot;customEventSPE&quot;}\" target=\"_blank\" rel=\"noopener\"><br \/>\n                    Connectez-vous<br \/>\n                <\/a>\n            <\/p>\n","protected":false},"excerpt":{"rendered":"EXCLUSIF &#8211; L\u2019animateur-producteur d\u00e9voile au \u00ab\u00a0Figaro\u00a0\u00bb le lancement de Chapchak., une agence de communication multicarte. Une structure op\u00e9rationnelle&hellip;\n","protected":false},"author":2,"featured_media":92030,"comment_status":"","ping_status":"","sticky":false,"template":"","format":"standard","meta":{"footnotes":""},"categories":[1356],"tags":[426,427,536,422,423,58,59,1011,27,418,424,425,420,421,419,316,3766,429,252,1364,428],"class_list":{"0":"post-92029","1":"post","2":"type-post","3":"status-publish","4":"format-standard","5":"has-post-thumbnail","7":"category-television","8":"tag-candidat","9":"tag-candidats","10":"tag-communication","11":"tag-depute","12":"tag-deputes","13":"tag-divertissement","14":"tag-entertainment","15":"tag-fr","16":"tag-france","17":"tag-gouvernement","18":"tag-institution","19":"tag-institutions","20":"tag-loi","21":"tag-lois","22":"tag-opposition","23":"tag-politique","24":"tag-presidentielle","25":"tag-ps","26":"tag-television","27":"tag-tv","28":"tag-ump"},"share_on_mastodon":{"url":"https:\/\/pubeurope.com\/@fr\/114489812819328324","error":""},"_links":{"self":[{"href":"https:\/\/www.europesays.com\/fr\/wp-json\/wp\/v2\/posts\/92029","targetHints":{"allow":["GET"]}}],"collection":[{"href":"https:\/\/www.europesays.com\/fr\/wp-json\/wp\/v2\/posts"}],"about":[{"href":"https:\/\/www.europesays.com\/fr\/wp-json\/wp\/v2\/types\/post"}],"author":[{"embeddable":true,"href":"https:\/\/www.europesays.com\/fr\/wp-json\/wp\/v2\/users\/2"}],"replies":[{"embeddable":true,"href":"https:\/\/www.europesays.com\/fr\/wp-json\/wp\/v2\/comments?post=92029"}],"version-history":[{"count":0,"href":"https:\/\/www.europesays.com\/fr\/wp-json\/wp\/v2\/posts\/92029\/revisions"}],"wp:featuredmedia":[{"embeddable":true,"href":"https:\/\/www.europesays.com\/fr\/wp-json\/wp\/v2\/media\/92030"}],"wp:attachment":[{"href":"https:\/\/www.europesays.com\/fr\/wp-json\/wp\/v2\/media?parent=92029"}],"wp:term":[{"taxonomy":"category","embeddable":true,"href":"https:\/\/www.europesays.com\/fr\/wp-json\/wp\/v2\/categories?post=92029"},{"taxonomy":"post_tag","embeddable":true,"href":"https:\/\/www.europesays.com\/fr\/wp-json\/wp\/v2\/tags?post=92029"}],"curies":[{"name":"wp","href":"https:\/\/api.w.org\/{rel}","templated":true}]}}