{"id":92031,"date":"2025-05-11T15:04:18","date_gmt":"2025-05-11T15:04:18","guid":{"rendered":"https:\/\/www.europesays.com\/fr\/92031\/"},"modified":"2025-05-11T15:04:18","modified_gmt":"2025-05-11T15:04:18","slug":"the-who-tire-sa-reverence-avec-une-tournee-dadieu-nord-americaine","status":"publish","type":"post","link":"https:\/\/www.europesays.com\/fr\/92031\/","title":{"rendered":"The Who tire sa r\u00e9v\u00e9rence avec une tourn\u00e9e d\u2019adieu nord-am\u00e9ricaine"},"content":{"rendered":"<p>Apr\u00e8s soixante ans de carri\u00e8re, le mythique groupe britannique entamera une tourn\u00e9e finale aux \u00c9tats-Unis et au Canada, entre ao\u00fbt et septembre 2025.<\/p>\n<p class=\"fig-paragraph\">Apr\u00e8s six d\u00e9cennies \u00e0 \u00e9lectriser les foules,\u00a0<a href=\"http:\/\/www.lefigaro.fr\/musique\/roger-daltrey-le-chanteur-de-the-who-revele-sur-scene-etre-en-train-de-perdre-la-vue-20250401\" target=\"_blank\" data-fig-type=\"Article\" rel=\"noopener\" data-gtm-custom-categorie=\"navigation\" data-gtm-custom-action=\"crossclick\" data-gtm-custom-label=\"Contextuel\" data-gtm-event=\"customEventSPE\" data-fig-domain=\"LEFIGARO\">The Who<\/a>\u00a0s\u2019appr\u00eate \u00e0 ranger les guitares. Le groupe britannique aux hymnes intemporels comme My Generation, Baba O\u2019Riley ou encore Won\u2019t Get Fooled Again a annonc\u00e9 jeudi 8 mai \u00e0 Londres qu\u2019il entamerait en 2025 une ultime tourn\u00e9e nord-am\u00e9ricaine baptis\u00e9e The Song Is Over North America Farewell Tour. Un clin d\u2019\u0153il m\u00e9lancolique \u00e0 l\u2019un de leurs titres phares paru en 1971 sur l\u2019album Who\u2019s Next.<\/p>\n<p class=\"fig-paragraph\">\u00ab\u00a0Toutes les bonnes choses ont une fin\u00a0\u00bb, a comment\u00e9 sobrement\u00a0<a href=\"https:\/\/www.lefigaro.fr\/musique\/pete-townshend-pour-continuer-the-who-il-nous-fallait-de-nouvelles-chansons-20191204\" target=\"_blank\" data-fig-type=\"Article\" rel=\"noopener\" data-gtm-custom-categorie=\"navigation\" data-gtm-custom-action=\"crossclick\" data-gtm-custom-label=\"Contextuel\" data-gtm-event=\"customEventSPE\" data-fig-domain=\"LEFIGARO\">Pete Townshend<\/a>, 79 ans. La tourn\u00e9e s\u2019\u00e9tendra d\u2019ao\u00fbt \u00e0 septembre 2025 et comprendra 16 concerts, dont des escales \u00e0 New York, Toronto, Los Angeles, Vancouver et une derni\u00e8re date pr\u00e9vue \u00e0 Las Vegas le 28 septembre. Les pr\u00e9ventes ouvriront le 13 mai, la billetterie g\u00e9n\u00e9rale le 16 mai.<\/p>\n<blockquote class=\"fig-quote&#10;    \">\n<p class=\"fig-quote__text\">\u00ab M\u00eame si la route n\u2019a pas toujours \u00e9t\u00e9 agr\u00e9able, c\u2019est le meilleur travail que j\u2019aurais pu avoir.\u00a0\u00bb<\/p>\n<p>            Roger Daltrey\n    <\/p><\/blockquote>\n<p class=\"fig-paragraph\">\u00ab\u00a0Au d\u00e9but des ann\u00e9es 1960, le r\u00eave de tout musicien \u00e9tait de percer dans les charts am\u00e9ricains\u00a0\u00bb, a indiqu\u00e9 Roger Daltrey \u00e0\u00a0<a href=\"https:\/\/apnews.com\/article\/who-daltrey-townsend-us-tour-0b4be3bc4c1c67673d97aa6447cf1ba8\" target=\"_blank\" rel=\"nofollow noopener\" data-gtm-custom-categorie=\"navigation\" data-gtm-custom-action=\"crossclick\" data-gtm-custom-label=\"Contextuel\" data-gtm-event=\"customEventSPE\">Associated Press\u00a0<\/a>lors d\u2019une conf\u00e9rence de presse. \u00ab\u00a0Pour The Who, ce r\u00eave s\u2019est r\u00e9alis\u00e9 en 1967, et nos vies ont chang\u00e9 \u00e0 jamais.\u00a0\u00bb Depuis, les deux figures survivantes du groupe, Daltrey au chant et Townshend \u00e0 la guitare, ont incarn\u00e9 toujours l\u2019\u00e2me d\u2019un groupe, malgr\u00e9 la disparition du batteur Keith Moon en 1978 et du bassiste John Entwistle en 2002. \u00ab\u00a0M\u00eame si la route n\u2019a pas toujours \u00e9t\u00e9 agr\u00e9able, c\u2019est le meilleur travail que j\u2019aurais pu avoir\u00a0\u00bb, confie Roger Daltrey.<\/p>\n<p class=\"fig-paragraph\">Leur tourn\u00e9e n\u2019aura pas de suite imm\u00e9diate, mais le chanteur n\u2019exclut pas un ultime adieu en Europe. Interrog\u00e9 sur une possible s\u00e9rie de concerts au Royaume-Uni, Daltrey est rest\u00e9 prudent\u00a0: \u00ab\u00a0On verra bien si on arrive \u00e0 survivre \u00e0 celle-l\u00e0. Je ne veux pas dire que cela n\u2019arrivera pas, mais je ne suis pas non plus s\u00fbr de pouvoir dire que cela arrivera\u00a0\u00bb, a-t-il d\u00e9clar\u00e9 \u00e0 la\u00a0<a href=\"https:\/\/www.rtbf.be\/article\/les-who-feront-ils-leurs-adieux-aux-royaume-unis-et-en-europe-11544350\" target=\"_blank\" rel=\"nofollow noopener\" data-gtm-custom-categorie=\"navigation\" data-gtm-custom-action=\"crossclick\" data-gtm-custom-label=\"Contextuel\" data-gtm-event=\"customEventSPE\">RTBF<\/a>. Lors d\u2019un concert caritatif au Royal Albert Hall de Londres, dimanche 30 mars, Roger Daltrey a r\u00e9v\u00e9l\u00e9 qu\u2019il \u00e9tait en train de perdre la vue. En 2018, il avait d\u00e9j\u00e0 confi\u00e9 souffrir d\u2019une perte d\u2019audition.<\/p><\/p>\n","protected":false},"excerpt":{"rendered":"Apr\u00e8s soixante ans de carri\u00e8re, le mythique groupe britannique entamera une tourn\u00e9e finale aux \u00c9tats-Unis et au Canada,&hellip;\n","protected":false},"author":2,"featured_media":92032,"comment_status":"","ping_status":"","sticky":false,"template":"","format":"standard","meta":{"footnotes":""},"categories":[1355],"tags":[2937,2932,2935,1696,2934,58,2933,59,1011,27,1361,873,2936,1698,20360,11429],"class_list":{"0":"post-92031","1":"post","2":"type-post","3":"status-publish","4":"format-standard","5":"has-post-thumbnail","7":"category-musique","8":"tag-artistes","9":"tag-cd","10":"tag-chansons","11":"tag-chanteur","12":"tag-chason","13":"tag-divertissement","14":"tag-dvd","15":"tag-entertainment","16":"tag-fr","17":"tag-france","18":"tag-music","19":"tag-musique","20":"tag-musique-classique","21":"tag-musiques","22":"tag-roger-daltrey","23":"tag-the-who"},"share_on_mastodon":{"url":"https:\/\/pubeurope.com\/@fr\/114489816801156376","error":""},"_links":{"self":[{"href":"https:\/\/www.europesays.com\/fr\/wp-json\/wp\/v2\/posts\/92031","targetHints":{"allow":["GET"]}}],"collection":[{"href":"https:\/\/www.europesays.com\/fr\/wp-json\/wp\/v2\/posts"}],"about":[{"href":"https:\/\/www.europesays.com\/fr\/wp-json\/wp\/v2\/types\/post"}],"author":[{"embeddable":true,"href":"https:\/\/www.europesays.com\/fr\/wp-json\/wp\/v2\/users\/2"}],"replies":[{"embeddable":true,"href":"https:\/\/www.europesays.com\/fr\/wp-json\/wp\/v2\/comments?post=92031"}],"version-history":[{"count":0,"href":"https:\/\/www.europesays.com\/fr\/wp-json\/wp\/v2\/posts\/92031\/revisions"}],"wp:featuredmedia":[{"embeddable":true,"href":"https:\/\/www.europesays.com\/fr\/wp-json\/wp\/v2\/media\/92032"}],"wp:attachment":[{"href":"https:\/\/www.europesays.com\/fr\/wp-json\/wp\/v2\/media?parent=92031"}],"wp:term":[{"taxonomy":"category","embeddable":true,"href":"https:\/\/www.europesays.com\/fr\/wp-json\/wp\/v2\/categories?post=92031"},{"taxonomy":"post_tag","embeddable":true,"href":"https:\/\/www.europesays.com\/fr\/wp-json\/wp\/v2\/tags?post=92031"}],"curies":[{"name":"wp","href":"https:\/\/api.w.org\/{rel}","templated":true}]}}