{"id":92038,"date":"2025-05-11T15:08:09","date_gmt":"2025-05-11T15:08:09","guid":{"rendered":"https:\/\/www.europesays.com\/fr\/92038\/"},"modified":"2025-05-11T15:08:09","modified_gmt":"2025-05-11T15:08:09","slug":"fort-boyard-grosse-mise-au-point-de-bruno-guillon-apres-le-depart-inattendu-dolivier-minne","status":"publish","type":"post","link":"https:\/\/www.europesays.com\/fr\/92038\/","title":{"rendered":"Fort Boyard : grosse mise au point de Bruno Guillon apr\u00e8s le d\u00e9part inattendu d&rsquo;Olivier Minne"},"content":{"rendered":"<p>L\u2019annonce est tomb\u00e9e comme un coup de tonnerre : Olivier Minne <strong>quitte France 2<\/strong> <a href=\"https:\/\/www.public.fr\/olivier-minne-debarque-sur-m6-voici-lemblematique-emission-quil-pourrait-animer\" target=\"_blank\" rel=\"noopener\">pour M6<\/a>. Apr\u00e8s <strong>plus de vingt ans<\/strong> \u00e0 la t\u00eate de Fort Boyard, son d\u00e9part soul\u00e8ve de nombreuses questions.<\/p>\n<p>Qui pour reprendre le flambeau ? Bruno Guillon a rapidement <strong>clarifi\u00e9 sa position<\/strong> lors de son passage dans C l&rsquo;hebdo, diffus\u00e9 chaque samedi \u00e0 19h sur France 5.<\/p>\n<p>Bruno Guillon sort du silence : \u00ab\u00a0Je n\u2019ai eu personne au t\u00e9l\u00e9phone\u00a0\u00bb<\/p>\n<p>Tr\u00e8s proche du monde du divertissement, Bruno Guillon a tenu <strong>\u00e0 r\u00e9agir publiquement<\/strong>. Sur les r\u00e9seaux comme dans les couloirs de France T\u00e9l\u00e9visions, son nom circulait d\u00e9j\u00e0 <strong>avec insistance<\/strong>.<\/p>\n<p>Certains le voyaient en h\u00e9ritier naturel, d&rsquo;autres pensaient <strong>qu\u2019il avait \u00e9t\u00e9 contact\u00e9<\/strong>. Mais l\u2019animateur <strong>a mis fin aux rumeurs<\/strong> d\u2019un ton calme mais ferme.<\/p>\n<p>\u00ab\u00a0<strong>On ne m&rsquo;a pas appel\u00e9 <\/strong>pour Fort Boyard, je n&rsquo;ai eu personne au t\u00e9l\u00e9phone\u00a0\u00bb, a-t-il lanc\u00e9. <a href=\"https:\/\/www.public.fr\/je-ne-peux-pas-tomber-amoureux-bruno-guillon-evoque-cyril-hanouna-chez-yann-barthes\" target=\"_blank\" rel=\"noopener\">Une mise au point<\/a> qui balaie les sp\u00e9culations concernant son \u00e9ventuelle succession.<\/p>\n<p>Olivier Minne : une sortie pleine de dignit\u00e9<\/p>\n<p>L\u2019annonce est tomb\u00e9e <strong>d\u00e9but mai<\/strong>. Apr\u00e8s des ann\u00e9es \u00e0 la t\u00eate de Fort Boyard, l\u2019animateur de 58 ans a rejoint M6, o\u00f9 <strong>il animera prochainement<\/strong> une \u00e9mission de divertissement.<\/p>\n<p>Celui qui vit entre Paris et Los Angeles a marqu\u00e9 l\u2019histoire de France T\u00e9l\u00e9visions <strong>depuis les ann\u00e9es 2000<\/strong>, apr\u00e8s un premier passage dans les ann\u00e9es 90. Il a pr\u00e9sent\u00e9 La Cible, Pyramide, et surtout Fort Boyard depuis 2003, d\u2019abord en duo, puis seul depuis 2010.<\/p>\n<p>Sur Instagram, <strong>il continue de teaser<\/strong> les derniers tournages du jeu au large de La Rochelle. Mais cette saison 2025 <strong>sera sa derni\u00e8re<\/strong>. M6, de son c\u00f4t\u00e9, s\u2019est r\u00e9jouie de cette arriv\u00e9e en vantant son exp\u00e9rience et <strong>son lien fort<\/strong> avec le public.<\/p>\n<p>Fort Boyard : vers un avenir incertain<\/p>\n<p>D\u00e9sormais, avec le d\u00e9part d\u2019Olivier Minne, France T\u00e9l\u00e9visions est <strong>face \u00e0 un casse-t\u00eate<\/strong>. Bien que <a href=\"https:\/\/www.public.fr\/france-2-olivier-minne-sen-va-cyril-feraud-pour-lui-succeder\" target=\"_blank\" rel=\"noopener\">plusieurs noms circulent<\/a>, <strong>aucune officialisation<\/strong> n\u2019a encore eu lieu. Les fans, eux, s\u2019interrogent.<\/p>\n<p>Comment conserver l\u2019\u00e2me du programme sans son embl\u00e9matique ma\u00eetre du Fort ? Cette transition marquera <strong>un tournant majeur<\/strong> dans l\u2019histoire de l\u2019\u00e9mission culte, laissant place \u00e0 <strong>une nouvelle \u00e8re<\/strong> de l\u2019animation de Fort Boyard.<\/p>\n<p>      Mentionn\u00e9s dans cet article<\/p>\n<p>\u00c0 lire aussi<\/p>\n","protected":false},"excerpt":{"rendered":"L\u2019annonce est tomb\u00e9e comme un coup de tonnerre : Olivier Minne quitte France 2 pour M6. Apr\u00e8s plus&hellip;\n","protected":false},"author":2,"featured_media":92039,"comment_status":"","ping_status":"","sticky":false,"template":"","format":"standard","meta":{"footnotes":""},"categories":[8],"tags":[7961,58,59,15745,1011,27,2400,594,494,17033],"class_list":{"0":"post-92038","1":"post","2":"type-post","3":"status-publish","4":"format-standard","5":"has-post-thumbnail","7":"category-divertissement","8":"tag-bruno-guillon","9":"tag-divertissement","10":"tag-entertainment","11":"tag-fort-boyard","12":"tag-fr","13":"tag-france","14":"tag-france-televisions","15":"tag-france-2","16":"tag-m6","17":"tag-olivier-minne"},"share_on_mastodon":{"url":"https:\/\/pubeurope.com\/@fr\/114489832538975996","error":""},"_links":{"self":[{"href":"https:\/\/www.europesays.com\/fr\/wp-json\/wp\/v2\/posts\/92038","targetHints":{"allow":["GET"]}}],"collection":[{"href":"https:\/\/www.europesays.com\/fr\/wp-json\/wp\/v2\/posts"}],"about":[{"href":"https:\/\/www.europesays.com\/fr\/wp-json\/wp\/v2\/types\/post"}],"author":[{"embeddable":true,"href":"https:\/\/www.europesays.com\/fr\/wp-json\/wp\/v2\/users\/2"}],"replies":[{"embeddable":true,"href":"https:\/\/www.europesays.com\/fr\/wp-json\/wp\/v2\/comments?post=92038"}],"version-history":[{"count":0,"href":"https:\/\/www.europesays.com\/fr\/wp-json\/wp\/v2\/posts\/92038\/revisions"}],"wp:featuredmedia":[{"embeddable":true,"href":"https:\/\/www.europesays.com\/fr\/wp-json\/wp\/v2\/media\/92039"}],"wp:attachment":[{"href":"https:\/\/www.europesays.com\/fr\/wp-json\/wp\/v2\/media?parent=92038"}],"wp:term":[{"taxonomy":"category","embeddable":true,"href":"https:\/\/www.europesays.com\/fr\/wp-json\/wp\/v2\/categories?post=92038"},{"taxonomy":"post_tag","embeddable":true,"href":"https:\/\/www.europesays.com\/fr\/wp-json\/wp\/v2\/tags?post=92038"}],"curies":[{"name":"wp","href":"https:\/\/api.w.org\/{rel}","templated":true}]}}