{"id":92046,"date":"2025-05-11T15:12:08","date_gmt":"2025-05-11T15:12:08","guid":{"rendered":"https:\/\/www.europesays.com\/fr\/92046\/"},"modified":"2025-05-11T15:12:08","modified_gmt":"2025-05-11T15:12:08","slug":"a-avignon-le-pretre-de-montfavet-menace-apres-la-messe-de-nuit","status":"publish","type":"post","link":"https:\/\/www.europesays.com\/fr\/92046\/","title":{"rendered":"\u00e0 Avignon, le pr\u00eatre de Montfavet menac\u00e9 apr\u00e8s la messe de nuit"},"content":{"rendered":"<p>\u00ab\u00a0Je suis \u00e9c\u0153ur\u00e9\u00a0\u00bb, souffle un habitu\u00e9 du caf\u00e9 des N\u00e9gociants, face \u00e0 <a href=\"https:\/\/www.laprovence.com\/article\/edition-vaucluse\/5115241\/notre-dame-de-bon-repos-ou-le-joyau-de-montfavet.html\" target=\"_blank\" rel=\"noopener\">l\u2019\u00e9glise de Montfavet<\/a>. \u00ab\u00a0Quand je me dis que ce sont des jeunes qui ont fait \u00e7a\u2026\u00a0\u00bb, commente le vieil homme.<\/p>\n<p>Dans ce quartier d\u2019Avignon, l\u2019\u00e9cho de l\u2019invective du p\u00e8re <a href=\"https:\/\/www.laprovence.com\/article\/societe\/32273053161671\/a-caumont-sur-durance-le-pere-milan-va-quitter-le-village-apres-12-ans-de-service\" target=\"_blank\" rel=\"noopener\">Laurent Milan<\/a> survenue samedi soir 10\u00a0mai, s\u2019est r\u00e9pandu comme une train\u00e9e de poudre. Dimanche matin, \u00e0 l\u2019heure de la messe, la voiture de police post\u00e9e sur la place par mesure de pr\u00e9caution, n\u2019est pas pass\u00e9e inaper\u00e7ue aupr\u00e8s des fid\u00e8les.<\/p>\n<p>Insultes et menaces contre l\u2019\u00e9glise<\/p>\n<p>Samedi 10\u00a0mai, vers 19h30, c\u2019est d\u2019abord un jeune homme seul d\u2019environ 15\u00a0ans qui s\u2019est pr\u00e9sent\u00e9 sur le parvis de l\u2019\u00e9glise apr\u00e8s la messe de nuit \u00ab\u00a0pour demander \u00e0 se convertir\u00a0\u00bb.<\/p>\n<p>\u00ab\u00a0Derri\u00e8re lui se tenaient une dizaine d\u2019adolescents ou jeunes adultes et ils demandaient s\u2019ils pouvaient entrer dans l\u2019\u00e9glise. Certains se revendiquaient <a href=\"https:\/\/www.laprovence.com\/article\/faits-divers-justice\/6545488871907114\/deux-poids-deux-mesures-climat-de-tension-ces-musulmans-reagissent-apres-l-attaque-islamophobe-dans-le-gard\" target=\"_blank\" rel=\"noopener\">musulmans <\/a>et disaient qu\u2019ils voulaient juste visiter\u00a0\u00bb, t\u00e9moigne le p\u00e8re Laurent Milan.<\/p>\n<p>D\u2019apr\u00e8s le t\u00e9moignage de l\u2019homme de foi, corrobor\u00e9 par celui d\u2019une des t\u00e9moins pr\u00e9sente, la situation a d\u00e9g\u00e9n\u00e9r\u00e9 d\u00e8s que la dizaine de jeunes \u00e2g\u00e9s d\u2019environ 15-20\u00a0ans, est entr\u00e9e dans les lieux.<\/p>\n<p>\u00ab\u00a0Un d\u2019entre eux a commenc\u00e9 \u00e0 courir partout, d\u2019autres se sont regroup\u00e9s autour du cur\u00e9, ils criaient des insultes, explique Isabelle, pr\u00e9sente avec son \u00e9poux apr\u00e8s la messe de nuit. \u00ab\u00a0On a eu toutes les peines du monde \u00e0 les faire sortir\u00a0\u00bb, confie cette restauratrice d\u2019\u0153uvres d\u2019art.<\/p>\n<p>Pas encore d\u2019interpellations<\/p>\n<p>\u00ab\u00a0Ils ne m\u2019ont pas insult\u00e9 moi personnellement, c\u2019\u00e9tait de la provocation et des propos injurieux, comme &lsquo;J\u00e9sus, on t\u2019enc***&rsquo;, \u00e0 l\u2019encontre de la <a href=\"https:\/\/www.laprovence.com\/article\/societe\/1872440256994914\/pape-eveques-cardinaux-a-quoi-correspondent-les-grades-de-leglise-catholique\" target=\"_blank\" rel=\"noopener\">religion catholique<\/a>\u00ab\u00a0. Toujours selon le cur\u00e9 qui a entendu cri\u00e9 \u00ab\u00a0allah akbar\u00a0\u00bb, des auteurs auraient r\u00e9p\u00e9t\u00e9 \u00ab\u00a0plusieurs fois\u00a0\u00bb : \u00ab\u00a0On va revenir br\u00fbler ton \u00e9glise\u00a0\u00bb, relate le p\u00e8re Milan, encore secou\u00e9.<\/p>\n<p>Au total, cinq personnes ont \u00e9t\u00e9 t\u00e9moins de l\u2019invective et Laurent Milan a d\u00e9pos\u00e9 plainte dans la soir\u00e9e \u00e0 <a href=\"https:\/\/www.laprovence.com\/article\/faits-divers-justice\/1120625353167415\/en-garde-a-vue-pour-ivresse-une-femme-met-le-feu-a-sa-cellule-de-lhotel-de-police-davignon\" target=\"_blank\" rel=\"noopener\">l\u2019h\u00f4tel de police d\u2019Avignon<\/a>, confirme une source polici\u00e8re.<\/p>\n<p>Pour l\u2019heure, aucune interpellation n\u2019a eu lieu, mais l\u2019\u00e9glise est \u00e9quip\u00e9e de cam\u00e9ras de vid\u00e9osurveillance dont les images vont \u00eatre exploit\u00e9es par les forces de l\u2019ordre.<\/p>\n<p>Selon le cur\u00e9 de Montfavet, cette agression survient dans un contexte de \u00ab\u00a0hausse des incivilit\u00e9s\u00a0\u00bb aux abords de son \u00e9glise. Dans la m\u00eame semaine, mercredi 7\u00a0mai, des jeunes sont venus perturber la r\u00e9union dans la maison paroissiale, en criant et tapant aux vitres depuis l\u2019ext\u00e9rieur.<\/p>\n<p>\u00ab\u00a0Nous nous sommes fait voler un ordinateur dans l\u2019\u00e9glise, des cierges\u2026 Il arrive que certains viennent faire taper leur ballon volontairement contre le mur de l\u2019\u00e9glise en pleine messe\u00a0\u00bb, d\u00e9plore encore le pr\u00eatre.<\/p>\n","protected":false},"excerpt":{"rendered":"\u00ab\u00a0Je suis \u00e9c\u0153ur\u00e9\u00a0\u00bb, souffle un habitu\u00e9 du caf\u00e9 des N\u00e9gociants, face \u00e0 l\u2019\u00e9glise de Montfavet. \u00ab\u00a0Quand je me&hellip;\n","protected":false},"author":2,"featured_media":92047,"comment_status":"","ping_status":"","sticky":false,"template":"","format":"standard","meta":{"footnotes":""},"categories":[4],"tags":[17,11,6184,20366,12336,274,1011,27,20368,12,5241,5969,25,20367],"class_list":{"0":"post-92046","1":"post","2":"type-post","3":"status-publish","4":"format-standard","5":"has-post-thumbnail","7":"category-france","8":"tag-17","9":"tag-actualites","10":"tag-avignon","11":"tag-bruler","12":"tag-eglise","13":"tag-faits-divers-justice","14":"tag-fr","15":"tag-france","16":"tag-montfavet","17":"tag-news","18":"tag-on","19":"tag-pretre","20":"tag-republique-francaise","21":"tag-ton"},"share_on_mastodon":{"url":"https:\/\/pubeurope.com\/@fr\/114489848211785896","error":""},"_links":{"self":[{"href":"https:\/\/www.europesays.com\/fr\/wp-json\/wp\/v2\/posts\/92046","targetHints":{"allow":["GET"]}}],"collection":[{"href":"https:\/\/www.europesays.com\/fr\/wp-json\/wp\/v2\/posts"}],"about":[{"href":"https:\/\/www.europesays.com\/fr\/wp-json\/wp\/v2\/types\/post"}],"author":[{"embeddable":true,"href":"https:\/\/www.europesays.com\/fr\/wp-json\/wp\/v2\/users\/2"}],"replies":[{"embeddable":true,"href":"https:\/\/www.europesays.com\/fr\/wp-json\/wp\/v2\/comments?post=92046"}],"version-history":[{"count":0,"href":"https:\/\/www.europesays.com\/fr\/wp-json\/wp\/v2\/posts\/92046\/revisions"}],"wp:featuredmedia":[{"embeddable":true,"href":"https:\/\/www.europesays.com\/fr\/wp-json\/wp\/v2\/media\/92047"}],"wp:attachment":[{"href":"https:\/\/www.europesays.com\/fr\/wp-json\/wp\/v2\/media?parent=92046"}],"wp:term":[{"taxonomy":"category","embeddable":true,"href":"https:\/\/www.europesays.com\/fr\/wp-json\/wp\/v2\/categories?post=92046"},{"taxonomy":"post_tag","embeddable":true,"href":"https:\/\/www.europesays.com\/fr\/wp-json\/wp\/v2\/tags?post=92046"}],"curies":[{"name":"wp","href":"https:\/\/api.w.org\/{rel}","templated":true}]}}