{"id":92050,"date":"2025-05-11T15:14:09","date_gmt":"2025-05-11T15:14:09","guid":{"rendered":"https:\/\/www.europesays.com\/fr\/92050\/"},"modified":"2025-05-11T15:14:09","modified_gmt":"2025-05-11T15:14:09","slug":"saint-etienne-trois-individus-a-priori-des-sans-domicile-fixes-se-sont-introduits-samedi-apres-midi-aux","status":"publish","type":"post","link":"https:\/\/www.europesays.com\/fr\/92050\/","title":{"rendered":"Saint-Etienne. Trois individus, a priori des sans domicile fixes, se sont introduits samedi apr\u00e8s-midi, aux &#8230;"},"content":{"rendered":"<p>Trois individus, a priori des sans domicile fixes, se sont introduits samedi apr\u00e8s-midi, aux alentours de 16 heures, dans la cath\u00e9drale Saint-Charles pour se soulager.<\/p>\n<p>Les deux hommes ont urin\u00e9 sur les murs, la femme qui les accompagnait, elle, n\u2019a pas eu le temps de satisfaire son envie. Elle a \u00e9t\u00e9 surprise par la sacristine, \u00e0 qui elle s\u2019en est prise.<\/p>\n<p>Suite \u00e0 un appel pass\u00e9 aux forces de l\u2019ordre par un t\u00e9moin de la sc\u00e8ne, le trio, \u00e2g\u00e9 d\u2019une cinquantaine d\u2019ann\u00e9es, a \u00e9t\u00e9 interpell\u00e9 \u00e0 proximit\u00e9 du lieu de culte, et plac\u00e9 en garde en vue.<\/p>\n<p>Ce dimanche, en fin d\u2019apr\u00e8s-midi, les suspects \u00e9taient toujours dans les murs du commissariat de Saint-Etienne.<\/p>\n","protected":false},"excerpt":{"rendered":"Trois individus, a priori des sans domicile fixes, se sont introduits samedi apr\u00e8s-midi, aux alentours de 16 heures,&hellip;\n","protected":false},"author":2,"featured_media":92051,"comment_status":"","ping_status":"","sticky":false,"template":"","format":"standard","meta":{"footnotes":""},"categories":[9653],"tags":[1111,11,2430,271,272,7539,1777,674,274,1011,27,3367,12,25,4001,7538],"class_list":{"0":"post-92050","1":"post","2":"type-post","3":"status-publish","4":"format-standard","5":"has-post-thumbnail","7":"category-saint-etienne","8":"tag-actu","9":"tag-actualites","10":"tag-auvergne-rhone-alpes","11":"tag-crime","12":"tag-delit-et-contravention","13":"tag-edition-loire-sud","14":"tag-eu","15":"tag-europe","16":"tag-faits-divers-justice","17":"tag-fr","18":"tag-france","19":"tag-loire","20":"tag-news","21":"tag-republique-francaise","22":"tag-saint-etienne","23":"tag-saint-etienne-ville"},"share_on_mastodon":{"url":"https:\/\/pubeurope.com\/@fr\/114489856185955699","error":""},"_links":{"self":[{"href":"https:\/\/www.europesays.com\/fr\/wp-json\/wp\/v2\/posts\/92050","targetHints":{"allow":["GET"]}}],"collection":[{"href":"https:\/\/www.europesays.com\/fr\/wp-json\/wp\/v2\/posts"}],"about":[{"href":"https:\/\/www.europesays.com\/fr\/wp-json\/wp\/v2\/types\/post"}],"author":[{"embeddable":true,"href":"https:\/\/www.europesays.com\/fr\/wp-json\/wp\/v2\/users\/2"}],"replies":[{"embeddable":true,"href":"https:\/\/www.europesays.com\/fr\/wp-json\/wp\/v2\/comments?post=92050"}],"version-history":[{"count":0,"href":"https:\/\/www.europesays.com\/fr\/wp-json\/wp\/v2\/posts\/92050\/revisions"}],"wp:featuredmedia":[{"embeddable":true,"href":"https:\/\/www.europesays.com\/fr\/wp-json\/wp\/v2\/media\/92051"}],"wp:attachment":[{"href":"https:\/\/www.europesays.com\/fr\/wp-json\/wp\/v2\/media?parent=92050"}],"wp:term":[{"taxonomy":"category","embeddable":true,"href":"https:\/\/www.europesays.com\/fr\/wp-json\/wp\/v2\/categories?post=92050"},{"taxonomy":"post_tag","embeddable":true,"href":"https:\/\/www.europesays.com\/fr\/wp-json\/wp\/v2\/tags?post=92050"}],"curies":[{"name":"wp","href":"https:\/\/api.w.org\/{rel}","templated":true}]}}