{"id":92053,"date":"2025-05-11T15:16:15","date_gmt":"2025-05-11T15:16:15","guid":{"rendered":"https:\/\/www.europesays.com\/fr\/92053\/"},"modified":"2025-05-11T15:16:15","modified_gmt":"2025-05-11T15:16:15","slug":"meurthe-et-moselle-vers-des-conventions-de-disponibilite-du-pompier-volontaire-entre-le-sdis-et-les-employeurs","status":"publish","type":"post","link":"https:\/\/www.europesays.com\/fr\/92053\/","title":{"rendered":"Meurthe-et-Moselle. Vers des conventions de disponibilit\u00e9 du pompier volontaire entre le SDIS et les employeurs"},"content":{"rendered":"<p>Mieux vaut pr\u00e9venir que gu\u00e9rir. En mati\u00e8re de recrutement de sapeurs-pompiers volontaires, la t\u00e2che du service d\u00e9partemental d\u2019incendie et de secours (SDIS) est d\u00e9licate. En 2024, la balance est pourtant positive au sein des effectifs des sapeurs-pompiers volontaires du 54 avec 255 engagements pour 242 cessations.<\/p>\n<p>Service sous-tension en journ\u00e9e<\/p>\n<p>Globalement, le r\u00e9seau meurthe-et-mosellan (68 casernes, 528 sapeurs-pompiers professionnels et 1\u00a0881 volontaires) assure le maillage n\u00e9cessaire au territoire.<\/p>\n<p>Mais l\u2019\u00e9quilibre est fragile, rappelle le commandant Guillaume Blaise\u00a0: \u00ab\u00a0En zone m\u00e9tropole et urbaine, nous avons plus de demandes pour devenir sapeur-pompier&#8230;<\/p>\n","protected":false},"excerpt":{"rendered":"Mieux vaut pr\u00e9venir que gu\u00e9rir. En mati\u00e8re de recrutement de sapeurs-pompiers volontaires, la t\u00e2che du service d\u00e9partemental d\u2019incendie&hellip;\n","protected":false},"author":2,"featured_media":92054,"comment_status":"","ping_status":"","sticky":false,"template":"","format":"standard","meta":{"footnotes":""},"categories":[9635],"tags":[1111,11,4523,1704,1777,674,1011,27,775,3457,1702,1703,12,25,104],"class_list":{"0":"post-92053","1":"post","2":"type-post","3":"status-publish","4":"format-standard","5":"has-post-thumbnail","7":"category-nancy","8":"tag-actu","9":"tag-actualites","10":"tag-conseils-pratiques","11":"tag-edition-nancy-et-agglomeration","12":"tag-eu","13":"tag-europe","14":"tag-fr","15":"tag-france","16":"tag-grand-est","17":"tag-meurthe-et-moselle","18":"tag-nancy","19":"tag-nancy-ville-54b","20":"tag-news","21":"tag-republique-francaise","22":"tag-societe"},"share_on_mastodon":{"url":"https:\/\/pubeurope.com\/@fr\/114489863920530346","error":""},"_links":{"self":[{"href":"https:\/\/www.europesays.com\/fr\/wp-json\/wp\/v2\/posts\/92053","targetHints":{"allow":["GET"]}}],"collection":[{"href":"https:\/\/www.europesays.com\/fr\/wp-json\/wp\/v2\/posts"}],"about":[{"href":"https:\/\/www.europesays.com\/fr\/wp-json\/wp\/v2\/types\/post"}],"author":[{"embeddable":true,"href":"https:\/\/www.europesays.com\/fr\/wp-json\/wp\/v2\/users\/2"}],"replies":[{"embeddable":true,"href":"https:\/\/www.europesays.com\/fr\/wp-json\/wp\/v2\/comments?post=92053"}],"version-history":[{"count":0,"href":"https:\/\/www.europesays.com\/fr\/wp-json\/wp\/v2\/posts\/92053\/revisions"}],"wp:featuredmedia":[{"embeddable":true,"href":"https:\/\/www.europesays.com\/fr\/wp-json\/wp\/v2\/media\/92054"}],"wp:attachment":[{"href":"https:\/\/www.europesays.com\/fr\/wp-json\/wp\/v2\/media?parent=92053"}],"wp:term":[{"taxonomy":"category","embeddable":true,"href":"https:\/\/www.europesays.com\/fr\/wp-json\/wp\/v2\/categories?post=92053"},{"taxonomy":"post_tag","embeddable":true,"href":"https:\/\/www.europesays.com\/fr\/wp-json\/wp\/v2\/tags?post=92053"}],"curies":[{"name":"wp","href":"https:\/\/api.w.org\/{rel}","templated":true}]}}