{"id":92055,"date":"2025-05-11T15:17:11","date_gmt":"2025-05-11T15:17:11","guid":{"rendered":"https:\/\/www.europesays.com\/fr\/92055\/"},"modified":"2025-05-11T15:17:11","modified_gmt":"2025-05-11T15:17:11","slug":"nancy-michel-dalberto-piano-sur-la-scene-de-la-salle-poirel","status":"publish","type":"post","link":"https:\/\/www.europesays.com\/fr\/92055\/","title":{"rendered":"Nancy. Michel Dalberto, piano, sur la sc\u00e8ne de la salle Poirel"},"content":{"rendered":"<p>\u00ab\u00a0Le plus grand interpr\u00e8te peut-\u00eatre que la France ait donn\u00e9 depuis Alfred Cortot et le plus proche de celui-ci\u2026\u00a0\u00bb\u00a0: c\u2019est ainsi que le critique Jacques Longchampt d\u00e9finit Michel Dalberto, qui \u00e0 l\u2019invitation de l\u2019Association Lorraine de Musique de Chambre (ALMC) se produira le 19\u00a0mai prochain, sur la sc\u00e8ne de la salle Poirel.<\/p>\n<p>C\u2019est \u00e0 l\u2019\u00e2ge de trois ans et demi, qu\u2019il commence \u00e0 s\u2019exercer sur un jouet, avant de faire&#8230;<\/p>\n","protected":false},"excerpt":{"rendered":"\u00ab\u00a0Le plus grand interpr\u00e8te peut-\u00eatre que la France ait donn\u00e9 depuis Alfred Cortot et le plus proche de&hellip;\n","protected":false},"author":2,"featured_media":92056,"comment_status":"","ping_status":"","sticky":false,"template":"","format":"standard","meta":{"footnotes":""},"categories":[9635],"tags":[1111,11,1687,1704,1777,674,1011,27,775,873,1702,1703,12,25],"class_list":{"0":"post-92055","1":"post","2":"type-post","3":"status-publish","4":"format-standard","5":"has-post-thumbnail","7":"category-nancy","8":"tag-actu","9":"tag-actualites","10":"tag-culture-loisirs","11":"tag-edition-nancy-et-agglomeration","12":"tag-eu","13":"tag-europe","14":"tag-fr","15":"tag-france","16":"tag-grand-est","17":"tag-musique","18":"tag-nancy","19":"tag-nancy-ville-54b","20":"tag-news","21":"tag-republique-francaise"},"share_on_mastodon":{"url":"https:\/\/pubeurope.com\/@fr\/114489867863947193","error":""},"_links":{"self":[{"href":"https:\/\/www.europesays.com\/fr\/wp-json\/wp\/v2\/posts\/92055","targetHints":{"allow":["GET"]}}],"collection":[{"href":"https:\/\/www.europesays.com\/fr\/wp-json\/wp\/v2\/posts"}],"about":[{"href":"https:\/\/www.europesays.com\/fr\/wp-json\/wp\/v2\/types\/post"}],"author":[{"embeddable":true,"href":"https:\/\/www.europesays.com\/fr\/wp-json\/wp\/v2\/users\/2"}],"replies":[{"embeddable":true,"href":"https:\/\/www.europesays.com\/fr\/wp-json\/wp\/v2\/comments?post=92055"}],"version-history":[{"count":0,"href":"https:\/\/www.europesays.com\/fr\/wp-json\/wp\/v2\/posts\/92055\/revisions"}],"wp:featuredmedia":[{"embeddable":true,"href":"https:\/\/www.europesays.com\/fr\/wp-json\/wp\/v2\/media\/92056"}],"wp:attachment":[{"href":"https:\/\/www.europesays.com\/fr\/wp-json\/wp\/v2\/media?parent=92055"}],"wp:term":[{"taxonomy":"category","embeddable":true,"href":"https:\/\/www.europesays.com\/fr\/wp-json\/wp\/v2\/categories?post=92055"},{"taxonomy":"post_tag","embeddable":true,"href":"https:\/\/www.europesays.com\/fr\/wp-json\/wp\/v2\/tags?post=92055"}],"curies":[{"name":"wp","href":"https:\/\/api.w.org\/{rel}","templated":true}]}}