{"id":920571,"date":"2026-05-09T00:35:25","date_gmt":"2026-05-09T00:35:25","guid":{"rendered":"https:\/\/www.europesays.com\/fr\/920571\/"},"modified":"2026-05-09T00:35:25","modified_gmt":"2026-05-09T00:35:25","slug":"un-report-de-nancy-asse-nest-pas-dactualite","status":"publish","type":"post","link":"https:\/\/www.europesays.com\/fr\/920571\/","title":{"rendered":"Un report de Nancy-ASSE \u00ab n\u2019est pas d\u2019actualit\u00e9 \u00bb"},"content":{"rendered":"<p>Tarik Bouzaabia, le m\u00e9decin de l\u2019AS Saint-Etienne, a indiqu\u00e9 jeudi que l\u2019\u00e9ventuel report du match \u00e0 <a href=\"https:\/\/www.foot01.com\/nancy\" title=\"Nancy\" rel=\"nofollow noopener\" target=\"_blank\">Nancy<\/a> ce week-end semblait improbable, malgr\u00e9 les probl\u00e8mes de grippe A rencontr\u00e9s chez les Verts depuis une semaine. \u00ab Je suis en relation, tous les jours, avec Pierre Rochcongar, le m\u00e9decin de la FFF ainsi qu\u2019avec la commission m\u00e9dicale de la LFP.  Ils sont inform\u00e9s quotidiennement de l\u2019\u00e9volution des cas au sein de l\u2019ASSE.  Pour chaque cas, j\u2019ai adress\u00e9 une d\u00e9claration de suspicion de grippe A H1N1. Pour l\u2019\u00e9ventuel report d\u2019un match, la d\u00e9cision appartient \u00e0 la LFP et \u00e0 son comit\u00e9 m\u00e9dical qui nomme un m\u00e9decin ind\u00e9pendant pour rendre visite au club. Ce n\u2019est pas d\u2019actualit\u00e9 \u00bb, a pr\u00e9cis\u00e9 le sp\u00e9cialiste.<\/p>\n","protected":false},"excerpt":{"rendered":"Tarik Bouzaabia, le m\u00e9decin de l\u2019AS Saint-Etienne, a indiqu\u00e9 jeudi que l\u2019\u00e9ventuel report du match \u00e0 Nancy ce&hellip;\n","protected":false},"author":2,"featured_media":920572,"comment_status":"","ping_status":"","sticky":false,"template":"","format":"standard","meta":{"footnotes":"","_share_on_mastodon":"0"},"categories":[9635],"tags":[1111,11,461,14078,1777,674,1011,27,775,66,1702,12,25],"class_list":["post-920571","post","type-post","status-publish","format-standard","has-post-thumbnail","category-nancy","tag-actu","tag-actualites","tag-asse","tag-equipes","tag-eu","tag-europe","tag-fr","tag-france","tag-grand-est","tag-ligue-1","tag-nancy","tag-news","tag-republique-francaise"],"share_on_mastodon":{"url":"https:\/\/pubeurope.com\/@fr\/116541818601856061","error":""},"_links":{"self":[{"href":"https:\/\/www.europesays.com\/fr\/wp-json\/wp\/v2\/posts\/920571","targetHints":{"allow":["GET"]}}],"collection":[{"href":"https:\/\/www.europesays.com\/fr\/wp-json\/wp\/v2\/posts"}],"about":[{"href":"https:\/\/www.europesays.com\/fr\/wp-json\/wp\/v2\/types\/post"}],"author":[{"embeddable":true,"href":"https:\/\/www.europesays.com\/fr\/wp-json\/wp\/v2\/users\/2"}],"replies":[{"embeddable":true,"href":"https:\/\/www.europesays.com\/fr\/wp-json\/wp\/v2\/comments?post=920571"}],"version-history":[{"count":0,"href":"https:\/\/www.europesays.com\/fr\/wp-json\/wp\/v2\/posts\/920571\/revisions"}],"wp:featuredmedia":[{"embeddable":true,"href":"https:\/\/www.europesays.com\/fr\/wp-json\/wp\/v2\/media\/920572"}],"wp:attachment":[{"href":"https:\/\/www.europesays.com\/fr\/wp-json\/wp\/v2\/media?parent=920571"}],"wp:term":[{"taxonomy":"category","embeddable":true,"href":"https:\/\/www.europesays.com\/fr\/wp-json\/wp\/v2\/categories?post=920571"},{"taxonomy":"post_tag","embeddable":true,"href":"https:\/\/www.europesays.com\/fr\/wp-json\/wp\/v2\/tags?post=920571"}],"curies":[{"name":"wp","href":"https:\/\/api.w.org\/{rel}","templated":true}]}}