{"id":92060,"date":"2025-05-11T15:20:09","date_gmt":"2025-05-11T15:20:09","guid":{"rendered":"https:\/\/www.europesays.com\/fr\/92060\/"},"modified":"2025-05-11T15:20:09","modified_gmt":"2025-05-11T15:20:09","slug":"une-mysterieuse-carcasse-de-gros-poisson-sur-un-berge-du-lez","status":"publish","type":"post","link":"https:\/\/www.europesays.com\/fr\/92060\/","title":{"rendered":"une myst\u00e9rieuse carcasse de gros poisson sur un berge du Lez"},"content":{"rendered":"<p>            Par<br \/>\n        <strong><br \/>\n            <a href=\"https:\/\/actu.fr\/auteur\/jm-aubert\" title=\"Consulter tous les articles de Jean-Marc Aubert\" rel=\"nofollow noopener\" target=\"_blank\">Jean-Marc Aubert<\/a><br \/>\n        <\/strong><\/p>\n<p>        Publi\u00e9 le<\/p>\n<p>            11 mai 2025 \u00e0 16h27<br \/>\n        ; mis \u00e0 jour le 11 mai 2025 \u00e0 16h37    <\/p>\n<p>D\u00e9couverte insolite sur une berge du <strong>fleuve du Lez<\/strong>, \u00e0 <strong>Castelnau-le-Lez<\/strong> : une grosse carcasse de plus d\u2019un 1,50m pourrissait. S\u2019agissait-il d\u2019un <strong>silure<\/strong> ? d\u2019un autre poisson d\u2019eau douce ? d\u2019un animal ? Myst\u00e8re.<\/p>\n<p class=\" wall-content\">Ces derniers jours, profitant d\u2019un r\u00e9pit d\u2019une m\u00e9t\u00e9o agit\u00e9e, c\u2019\u00e9tait une promenade comme d\u2019autres, paisible et au grand air, sur le site champ\u00eatre des rives du Lez, entre Castelnau-le-Lez et Clapiers, au nord de Montpellier pour Pauline et une amie.<\/p>\n<p>    <a href=\"https:\/\/www.google.com\/maps\/embed?pb=!1m18!1m12!1m3!1d25362.390169100676!2d3.855729037938891!3d43.646180698185994!2m3!1f0!2f0!3f0!3m2!1i1024!2i768!4f13.1!3m3!1m2!1s0x12b6af4d6f73e685%3A0xa77616f44c7e26b8!2sCourtarelles%2C%2034170%20Castelnau-le-Lez!5e0!3m2!1sfr!2sfr!4v1746972709487!5m2!1sfr!2sfr\" title=\"Ouvrie le lien\" rel=\"nofollow noopener\" target=\"_blank\">Cliquez ici pour visualiser le contenu<\/a><\/p>\n<p class=\" wall-content\">\u00ab\u00a0Soudain, au niveau d\u2019une retenue d\u2019eau non loin du quartier des Courtarelles, nous avons aper\u00e7u une masse importante, \u00e0 cheval sur une berge, pr\u00e8s d\u2019un bois, hors de l\u2019eau. Nous \u00e9tions sur la rive oppos\u00e9e. Sur le moment, nous avons pens\u00e9 \u00e0 la d\u00e9pouille d\u2019un crocodile, d\u2019autant que nous avions lu dans <strong>M\u00e9tropolitain<\/strong> le <a href=\"https:\/\/actu.fr\/occitanie\/montpellier_34172\/montpellier-l-alligator-repeche-ce-lundi-dans-le-lez-declenche-des-remous-politiques_62444048.html\" rel=\"nofollow noopener\" target=\"_blank\">fameux poisson d\u2019avril<\/a>, o\u00f9 il \u00e9tait question d\u2019un alligator qui avait \u00e9t\u00e9 rep\u00each\u00e9 dans le Lez ! Et si ce n\u2019\u00e9tait pas une blague du 1er avril finalement ? Mais, en scrutant plus longuement, nous avons \u00e9cart\u00e9 cette hypoth\u00e8se et pench\u00e9 pour un animal terrien ou plut\u00f4t un impressionnant poisson d\u2019eau douce\u00a0\u00bb, t\u00e9moigne Pauline, qui a immortalis\u00e9 la b\u00eate morte.<\/p>\n<p class=\" wall-content\">Elle en est s\u00fbre : \u00ab\u00a0Ce n\u2019\u00e9tait pas en tout cas un morceau de bois, ou un tronc d\u2019arbre, car il y avait comme des ar\u00eates qui \u00e9taient visibles\u00a0\u00bb. Un p\u00eacheur a t-il mont\u00e9 un canular ou a t-il abandonn\u00e9 le poisson en \u00e9tant dans l\u2019impossibilit\u00e9 de le remettre dans le Lez ?! Tout est possible. Pour l\u2019heure, nous n\u2019avons toujours pas de r\u00e9ponse, mais l\u2019hypoth\u00e8se d\u2019un cadavre d\u2019un silure mort est \u00e0 privil\u00e9gier. Dans le Lez, des p\u00eacheurs ont d\u00e9j\u00e0 r\u00e9ussi \u00e0 sortir de l\u2019eau, apr\u00e8s de difficiles batailles des silures mesurant jusqu\u2019\u00e0 2,50m. Ainsi, en mai 2021, un silure d\u2019environ 2m et de 40kg avait donn\u00e9 bien du fil \u00e0 retordre \u00e0 un p\u00eacheur espant\u00e9, tout comme son fils de 4 ans.<\/p>\n<p>Vid\u00e9os : en ce moment sur Actu<br \/>\n      <img   decoding=\"async\" loading=\"lazy\" src=\"https:\/\/www.europesays.com\/fr\/wp-content\/uploads\/2025\/05\/0-48-2-960x640.jpeg\" alt=\"Cette carcasse pourrissante se trouvait sur une retenue d'eau du Lez \u00e0 Castelnau\" width=\"960\" height=\"640\"\/><br \/>\n    Cette carcasse pourrissante se trouvait sur une retenue d\u2019eau du Lez \u00e0 Castelnau (\u00a9M\u00e9tropolitain)<\/p>\n<p class=\" wall-content\">Les silures forment un genre de poissons d\u2019eau douce de la famille des Siluridae. On compte aujourd\u2019hui <strong>seize esp\u00e8ces identifi\u00e9es de silures<\/strong>, dont la plus connue est le silure glane. Il faut savoir que ces poissons, impressionnants par leur taille et leur poids, ne peuvent pas mordre et pour cause, ils sont \u00e9dent\u00e9s. Ouf, du coup, c\u2019est moins dangereux qu\u2019un crocodile, mais ne prenons pas le risque de mettre notre main \u00e0 couper pour certifier qu\u2019il s\u2019agit de ce poisson d\u2019eau douce, m\u00eame s\u2019il est vivement conseill\u00e9 de le tirer hors de l\u2019eau avec un bras !<\/p>\n<p class=\" wall-content\">Suivez toute l\u2019actualit\u00e9 de vos villes et m\u00e9dias favoris en vous inscrivant \u00e0 <a href=\"https:\/\/moncompte.actu.fr\" title=\"D\u00e9couvez Mon Actu\" rel=\"nofollow noopener\" data-trk=\"{&quot;cta&quot;:{&quot;action&quot;:&quot;https:\\\/\\\/moncompte.actu.fr&quot;,&quot;category&quot;:&quot;mon compte&quot;,&quot;from&quot;:&quot;article footer&quot;,&quot;name&quot;:&quot;Mon actu&quot;,&quot;type&quot;:&quot;cta&quot;}}\" target=\"_blank\">Mon Actu<\/a>.<\/p>\n","protected":false},"excerpt":{"rendered":"Par Jean-Marc Aubert Publi\u00e9 le 11 mai 2025 \u00e0 16h27 ; mis \u00e0 jour le 11 mai 2025&hellip;\n","protected":false},"author":2,"featured_media":92061,"comment_status":"","ping_status":"","sticky":false,"template":"","format":"standard","meta":{"footnotes":""},"categories":[9599],"tags":[1111,11,1777,674,1011,27,1757,2208,12,2680,25],"class_list":{"0":"post-92060","1":"post","2":"type-post","3":"status-publish","4":"format-standard","5":"has-post-thumbnail","7":"category-montpellier","8":"tag-actu","9":"tag-actualites","10":"tag-eu","11":"tag-europe","12":"tag-fr","13":"tag-france","14":"tag-insolite","15":"tag-montpellier","16":"tag-news","17":"tag-occitanie","18":"tag-republique-francaise"},"share_on_mastodon":{"url":"https:\/\/pubeurope.com\/@fr\/114489879715659797","error":""},"_links":{"self":[{"href":"https:\/\/www.europesays.com\/fr\/wp-json\/wp\/v2\/posts\/92060","targetHints":{"allow":["GET"]}}],"collection":[{"href":"https:\/\/www.europesays.com\/fr\/wp-json\/wp\/v2\/posts"}],"about":[{"href":"https:\/\/www.europesays.com\/fr\/wp-json\/wp\/v2\/types\/post"}],"author":[{"embeddable":true,"href":"https:\/\/www.europesays.com\/fr\/wp-json\/wp\/v2\/users\/2"}],"replies":[{"embeddable":true,"href":"https:\/\/www.europesays.com\/fr\/wp-json\/wp\/v2\/comments?post=92060"}],"version-history":[{"count":0,"href":"https:\/\/www.europesays.com\/fr\/wp-json\/wp\/v2\/posts\/92060\/revisions"}],"wp:featuredmedia":[{"embeddable":true,"href":"https:\/\/www.europesays.com\/fr\/wp-json\/wp\/v2\/media\/92061"}],"wp:attachment":[{"href":"https:\/\/www.europesays.com\/fr\/wp-json\/wp\/v2\/media?parent=92060"}],"wp:term":[{"taxonomy":"category","embeddable":true,"href":"https:\/\/www.europesays.com\/fr\/wp-json\/wp\/v2\/categories?post=92060"},{"taxonomy":"post_tag","embeddable":true,"href":"https:\/\/www.europesays.com\/fr\/wp-json\/wp\/v2\/tags?post=92060"}],"curies":[{"name":"wp","href":"https:\/\/api.w.org\/{rel}","templated":true}]}}