{"id":92064,"date":"2025-05-11T15:22:11","date_gmt":"2025-05-11T15:22:11","guid":{"rendered":"https:\/\/www.europesays.com\/fr\/92064\/"},"modified":"2025-05-11T15:22:11","modified_gmt":"2025-05-11T15:22:11","slug":"entre-pluie-et-soleil-a-quoi-faut-il-sattendre-pour-la-meteo-de-la-semaine-en-seine-maritime","status":"publish","type":"post","link":"https:\/\/www.europesays.com\/fr\/92064\/","title":{"rendered":"Entre pluie et soleil, \u00e0 quoi faut-il s&rsquo;attendre pour la m\u00e9t\u00e9o de la semaine en Seine-Maritime\u00a0?"},"content":{"rendered":"<p>            Par<br \/>\n        <strong><br \/>\n            <a href=\"https:\/\/actu.fr\/auteur\/adrien-filoche\" title=\"Consulter tous les articles de Adrien Filoche\" rel=\"nofollow noopener\" target=\"_blank\">Adrien Filoche<\/a><br \/>\n        <\/strong><\/p>\n<p>        Publi\u00e9 le<\/p>\n<p>            11 mai 2025 \u00e0 16h12        <\/p>\n<p><strong>Apr\u00e8s la pluie, le beau temps.<\/strong> C\u2019est un bon r\u00e9sum\u00e9 de ce qu\u2019il devrait se passer au niveau de la m\u00e9t\u00e9o en Seine-Maritime pour cette semaine du 12 au 18\u00a0mai 2025. On fait le point.<\/p>\n<p>Un d\u00e9but de semaine pluvieux et nuageux<\/p>\n<p class=\" wall-content\">La semaine d\u00e9butera sous <strong>la pluie et les nuages<\/strong> ce lundi, selon les pr\u00e9visions de <a href=\"https:\/\/actu.fr\/tag\/meteo-france\" rel=\"nofollow noopener\" target=\"_blank\">M\u00e9t\u00e9o France.<\/a> Cela devrait \u00eatre un peu mieux pour mardi avec moins de risques d\u2019averses, et m\u00eame des rayons de soleil si nous sommes chanceux\u2009! C\u00f4t\u00e9 temp\u00e9ratures, il fera entre 13 et 18 degr\u00e9s.<\/p>\n<p>Le retour du soleil<\/p>\n<p class=\" wall-content\">Mais bonne nouvelle, \u00e0 partir de mercredi, c\u2019est <strong>le retour du soleil<\/strong>\u2009! Selon M\u00e9t\u00e9o France, notre astre pr\u00e9f\u00e9r\u00e9 brillera toute la journ\u00e9e et les temp\u00e9ratures grimperont jusqu\u2019\u00e0 23 au\u00a0Havre et 25 \u00e0 Rouen.<\/p>\n<p class=\" wall-content\">Jeudi, le beau temps pourrait se maintenir, m\u00eame si des nuages risquent de nous g\u00e2cher la f\u00eate. Et pour vendredi et samedi, le soleil s\u2019annonce radieux le long de la journ\u00e9e, les temp\u00e9ratures oscilleront autour de 20 degr\u00e9s. Les pr\u00e9visions sont \u00e9galement optimistes pour la journ\u00e9e de dimanche, m\u00eame si d\u2019ici l\u00e0, la m\u00e9t\u00e9o peut \u00eatre changeante\u2009!<\/p>\n<p>Suivez l\u2019actualit\u00e9 de <a href=\"https:\/\/www.whatsapp.com\/channel\/0029VaKfnf99hXF2ddApFB1D\" rel=\"nofollow noopener\" target=\"_blank\">Rouen<\/a> et du\u00a0<a href=\"https:\/\/www.whatsapp.com\/channel\/0029VaFqJYE8aKvLBwVrEe0o\" rel=\"nofollow noopener\" target=\"_blank\">Havre<\/a> sur nos cha\u00eenes WhatsApp et sur <a href=\"https:\/\/www.tiktok.com\/@76actu.fr?lang=fr\" rel=\"nofollow noopener\" target=\"_blank\">notre compte TikTok<\/a>Vid\u00e9os : en ce moment sur Actu<\/p>\n<p class=\" wall-content\">Suivez toute l\u2019actualit\u00e9 de vos villes et m\u00e9dias favoris en vous inscrivant \u00e0 <a href=\"https:\/\/moncompte.actu.fr\" title=\"D\u00e9couvez Mon Actu\" rel=\"nofollow noopener\" data-trk=\"{&quot;cta&quot;:{&quot;action&quot;:&quot;https:\\\/\\\/moncompte.actu.fr&quot;,&quot;category&quot;:&quot;mon compte&quot;,&quot;from&quot;:&quot;article footer&quot;,&quot;name&quot;:&quot;Mon actu&quot;,&quot;type&quot;:&quot;cta&quot;}}\" target=\"_blank\">Mon Actu<\/a>.<\/p>\n<p>                    <script async src=\"\/\/www.tiktok.com\/embed.js\"><\/script><\/p>\n","protected":false},"excerpt":{"rendered":"Par Adrien Filoche Publi\u00e9 le 11 mai 2025 \u00e0 16h12 Apr\u00e8s la pluie, le beau temps. C\u2019est un&hellip;\n","protected":false},"author":2,"featured_media":92065,"comment_status":"","ping_status":"","sticky":false,"template":"","format":"standard","meta":{"footnotes":""},"categories":[9587],"tags":[1111,11,1777,674,1011,27,2487,2357,12,5161,25,9590],"class_list":{"0":"post-92064","1":"post","2":"type-post","3":"status-publish","4":"format-standard","5":"has-post-thumbnail","7":"category-rouen","8":"tag-actu","9":"tag-actualites","10":"tag-eu","11":"tag-europe","12":"tag-fr","13":"tag-france","14":"tag-meteo","15":"tag-meteo-france","16":"tag-news","17":"tag-normandie","18":"tag-republique-francaise","19":"tag-rouen"},"share_on_mastodon":{"url":"https:\/\/pubeurope.com\/@fr\/114489887595100688","error":""},"_links":{"self":[{"href":"https:\/\/www.europesays.com\/fr\/wp-json\/wp\/v2\/posts\/92064","targetHints":{"allow":["GET"]}}],"collection":[{"href":"https:\/\/www.europesays.com\/fr\/wp-json\/wp\/v2\/posts"}],"about":[{"href":"https:\/\/www.europesays.com\/fr\/wp-json\/wp\/v2\/types\/post"}],"author":[{"embeddable":true,"href":"https:\/\/www.europesays.com\/fr\/wp-json\/wp\/v2\/users\/2"}],"replies":[{"embeddable":true,"href":"https:\/\/www.europesays.com\/fr\/wp-json\/wp\/v2\/comments?post=92064"}],"version-history":[{"count":0,"href":"https:\/\/www.europesays.com\/fr\/wp-json\/wp\/v2\/posts\/92064\/revisions"}],"wp:featuredmedia":[{"embeddable":true,"href":"https:\/\/www.europesays.com\/fr\/wp-json\/wp\/v2\/media\/92065"}],"wp:attachment":[{"href":"https:\/\/www.europesays.com\/fr\/wp-json\/wp\/v2\/media?parent=92064"}],"wp:term":[{"taxonomy":"category","embeddable":true,"href":"https:\/\/www.europesays.com\/fr\/wp-json\/wp\/v2\/categories?post=92064"},{"taxonomy":"post_tag","embeddable":true,"href":"https:\/\/www.europesays.com\/fr\/wp-json\/wp\/v2\/tags?post=92064"}],"curies":[{"name":"wp","href":"https:\/\/api.w.org\/{rel}","templated":true}]}}