{"id":92076,"date":"2025-05-11T15:28:57","date_gmt":"2025-05-11T15:28:57","guid":{"rendered":"https:\/\/www.europesays.com\/fr\/92076\/"},"modified":"2025-05-11T15:28:57","modified_gmt":"2025-05-11T15:28:57","slug":"manifestation-contre-le-terrorisme-anti-musulmans-dimanche-11-mai","status":"publish","type":"post","link":"https:\/\/www.europesays.com\/fr\/92076\/","title":{"rendered":"Manifestation contre le \u00ab\u00a0terrorisme anti-musulmans\u00a0\u00bb dimanche 11 mai"},"content":{"rendered":"<p class=\"wp-block-post-excerpt__excerpt\">Un ensemble d\u2019associations musulmanes appelle \u00e0 marcher silencieusement contre l\u2019islamophobie dimanche 11 mai \u00e0 Strasbourg. <\/p>\n<p class=\"font-sans\">\n\t\t\tCet article est en acc\u00e8s libre. Pour soutenir Rue89 Strasbourg,<br \/>\n\t\t\t<a class=\"underline\" href=\"https:\/\/www.rue89strasbourg.com\/abonnement\" target=\"_blank\" rel=\"noopener\">abonnez-vous<\/a>.\n\t\t<\/p>\n<p>Pierre France<\/p>\n<p>Publi\u00e9 le 7 mai 2025\u00a0\u00a0\u00b7\u00a0\u00a0<\/p>\n<p>Imprim\u00e9 le 11 mai 2025 \u00e0 16h35\u00a0\u00a0\u00b7\u00a0\u00a0<\/p>\n<p>Modifi\u00e9 le 7 mai 2025\u00a0\u00a0\u00b7\u00a0\u00a0<\/p>\n<p>\t\t\t\t\t2\u00a0minutes\n<\/p>\n<p>Un ensemble d\u2019associations cultuelles musulmanes du Bas-Rhin (voir la liste en fin d\u2019article) appelle \u00e0 manifester dimanche 11 mai \u00e0 partir de 16h dans le centre de Strasbourg. Ces associations voient dans l\u2019assassinat d\u2019Aboubakar Ciss\u00e9, le 25 avril dans l\u2019enceinte de la mosqu\u00e9e de La Grand-Combe dans le Gard, un acte de \u00ab\u00a0terrorisme anti-musulmans\u00a0\u00bb. <\/p>\n<p>\u00ab\u00a0Ce crime n\u2019est pas un fait divers\u00a0\u00bb, \u00e9crivent les associations dans un communiqu\u00e9. \u00ab\u00a0Il est le sympt\u00f4me d\u2019un mal profond : la banalisation de l\u2019islamophobie, la stigmatisation des fran\u00e7ais de confession musulmane.\u00a0\u00bb Les associations musulmanes d\u00e9noncent \u00ab\u00a0un climat malsain islamophobe et dangereux, entretenu par une partie de la sph\u00e8re politico-m\u00e9diatique. Les musulmans sont constamment montr\u00e9s du doigt, suspect\u00e9s, marginalis\u00e9s. Chaque mot d\u2019un responsable politique qui stigmatise est un permis de tuer.\u00a0\u00bb<\/p>\n<p><a href=\"https:\/\/www.rue89strasbourg.com\/abonnement\" target=\"_blank\" rel=\"noopener\"><img loading=\"lazy\" decoding=\"async\" width=\"792\" height=\"204\" src=\"https:\/\/www.europesays.com\/fr\/wp-content\/uploads\/2025\/05\/bannie\u0300re-autopromo-2025-desktop-792x204.png\" alt=\"\" class=\"wp-image-341654\"  \/><\/a><\/p>\n<p><a href=\"https:\/\/www.rue89strasbourg.com\/abonnement\" target=\"_blank\" rel=\"noopener\"><img loading=\"lazy\" decoding=\"async\" width=\"300\" height=\"300\" src=\"https:\/\/www.europesays.com\/fr\/wp-content\/uploads\/2025\/05\/bannieres@2x.png\" alt=\"\" class=\"wp-image-341656\"  \/><\/a><\/p>\n<p>Un parcours tr\u00e8s court<\/p>\n<p>La marche \u00ab\u00a0silencieuse et r\u00e9publicaine\u00a0\u00bb doit partir de la place de l\u2019Universit\u00e9 pour se rendre place de la R\u00e9publique en passant par l\u2019avenue de la Libert\u00e9. Le trajet sera donc boucl\u00e9 en quelques minutes mais les organisations tenaient \u00e0 pouvoir prendre la parole place de la R\u00e9publique pour appeler les \u00ab\u00a0pouvoirs publics \u00e0 assurer pleinement la protection et la s\u00e9curit\u00e9 de l\u2019ensemble des lieux de culte, quels qu\u2019ils soient\u00a0\u00bb.<\/p>\n<p>Les associations cultuelles signataires<\/p>\n<p>Abyssinie, AJPE-Elsau, association Al-Ihsane (mosqu\u00e9e Port du Rhin), association des Musulmans de Cronenbourg (mosqu\u00e9e de Cronenbourg), association Mosqu\u00e9e de la Fraternit\u00e9 (mosqu\u00e9e de la Meinau), association Mosqu\u00e9e de Koenigshoffen (AMK), association des Musulmans de Strasbourg (mosqu\u00e9e Al-Imane), association de la R\u00e9forme Sociale de Hautepierre (mosqu\u00e9e Arrahma), association Musulmane d\u2019Illkirch (mosqu\u00e9e d\u2019Illkirch-Graffenstaden), Avicenne (association culturelle de la mosqu\u00e9e de Hautepierre), Centre Echanges, Centre Iqra (mosqu\u00e9e de Ostwald\/Lingolsheim), Centre musulman de Strasbourg (mosqu\u00e9e de la Gare), Cojep International, Ditib-Strasbourg, \u00c9changes culturel, \u00c9tudiants Musulmans de France \u2013 Section Strasbourg, mosqu\u00e9e Eyyub Sultan, Institut Al-Andalous, Initiatives citoyennes musulmanes, mosqu\u00e9e Annour, mosqu\u00e9e de l\u2019Elsau, mosqu\u00e9e d\u2019Erstein, Mosqu\u00e9e de Haguenau, mosqu\u00e9e Malek Ibn Anass de Bischwiller, mosqu\u00e9e Salam de la Montagne Verte, R\u00e9seau des mosqu\u00e9es de Strasbourg.<\/p>\n<p>Y <strong>aller<\/strong><\/p>\n<p><strong>Marche silencieuse contre le \u00ab\u00a0terrorisme anti-musulmans\u00a0\u00bb<\/strong>, dimanche 11 mai, d\u00e9part \u00e0 16h place de l\u2019Universit\u00e9 \u00e0 Strasbourg \u2013 Neustadt.<\/p>\n","protected":false},"excerpt":{"rendered":"Un ensemble d\u2019associations musulmanes appelle \u00e0 marcher silencieusement contre l\u2019islamophobie dimanche 11 mai \u00e0 Strasbourg. Cet article est&hellip;\n","protected":false},"author":2,"featured_media":92077,"comment_status":"","ping_status":"","sticky":false,"template":"","format":"standard","meta":{"footnotes":""},"categories":[2820],"tags":[1111,11,1777,674,1011,27,775,6269,2088,12,25,640],"class_list":{"0":"post-92076","1":"post","2":"type-post","3":"status-publish","4":"format-standard","5":"has-post-thumbnail","7":"category-strasbourg","8":"tag-actu","9":"tag-actualites","10":"tag-eu","11":"tag-europe","12":"tag-fr","13":"tag-france","14":"tag-grand-est","15":"tag-islamophobie","16":"tag-manifestation","17":"tag-news","18":"tag-republique-francaise","19":"tag-strasbourg"},"share_on_mastodon":{"url":"https:\/\/pubeurope.com\/@fr\/114489915082950775","error":""},"_links":{"self":[{"href":"https:\/\/www.europesays.com\/fr\/wp-json\/wp\/v2\/posts\/92076","targetHints":{"allow":["GET"]}}],"collection":[{"href":"https:\/\/www.europesays.com\/fr\/wp-json\/wp\/v2\/posts"}],"about":[{"href":"https:\/\/www.europesays.com\/fr\/wp-json\/wp\/v2\/types\/post"}],"author":[{"embeddable":true,"href":"https:\/\/www.europesays.com\/fr\/wp-json\/wp\/v2\/users\/2"}],"replies":[{"embeddable":true,"href":"https:\/\/www.europesays.com\/fr\/wp-json\/wp\/v2\/comments?post=92076"}],"version-history":[{"count":0,"href":"https:\/\/www.europesays.com\/fr\/wp-json\/wp\/v2\/posts\/92076\/revisions"}],"wp:featuredmedia":[{"embeddable":true,"href":"https:\/\/www.europesays.com\/fr\/wp-json\/wp\/v2\/media\/92077"}],"wp:attachment":[{"href":"https:\/\/www.europesays.com\/fr\/wp-json\/wp\/v2\/media?parent=92076"}],"wp:term":[{"taxonomy":"category","embeddable":true,"href":"https:\/\/www.europesays.com\/fr\/wp-json\/wp\/v2\/categories?post=92076"},{"taxonomy":"post_tag","embeddable":true,"href":"https:\/\/www.europesays.com\/fr\/wp-json\/wp\/v2\/tags?post=92076"}],"curies":[{"name":"wp","href":"https:\/\/api.w.org\/{rel}","templated":true}]}}