{"id":92078,"date":"2025-05-11T15:29:09","date_gmt":"2025-05-11T15:29:09","guid":{"rendered":"https:\/\/www.europesays.com\/fr\/92078\/"},"modified":"2025-05-11T15:29:09","modified_gmt":"2025-05-11T15:29:09","slug":"courses-de-strasbourg-le-maroc-a-lhonneur-sur-le-semi-marathon","status":"publish","type":"post","link":"https:\/\/www.europesays.com\/fr\/92078\/","title":{"rendered":"Courses de Strasbourg. Le Maroc \u00e0 l&rsquo;honneur sur le semi-marathon"},"content":{"rendered":"<p>D\u00e9j\u00e0 vainqueur en 2021, le Marocain Younes Idlmoudden, 3e du 10km l&rsquo;an pass\u00e9, a remport\u00e9 ce dimanche matin le semi-marathon des courses de Strasbourg-Eurom\u00e9tropole. Sa compatriote Fatiha Asmid s&rsquo;impose chez les f\u00e9minines.<\/p>\n<p>Idlmoudden a distanc\u00e9 son dernier adversaire, le Kenyan Dickson Kurui, laur\u00e9at l&rsquo;an dernier, au 17e kilom\u00e8tre, en plein campus de l&rsquo;Esplanade.<\/p>\n<p>Le premier r\u00e9gional, Hichamb Ettali, 5e, licenci\u00e9 au Vendenheim Athl\u00e9tisme, n&rsquo;est autre que le cousin du Marocain Zouhait Talbi, vainqueur du 10km en 2016 et 2018, sous les couleurs du RT Schweghouse.<\/p>\n<p>C\u00f4t\u00e9 f\u00e9minin, Latifa Mokhtari (SG Wantzenau) s&rsquo;offre une tr\u00e8s belle 2e place, tout pr\u00e8s de la Marocaine Fatiha Asmid.<\/p>\n<p>Caroline Dennilauler, l&rsquo;\u00e9tudiante strasbourgeoise licenci\u00e9e \u00e0 \u00c9pinal, compl\u00e8te le podium, juste devant \u00c9milie Tissot (Vendenheim Athl\u00e9tisme), l&rsquo;ex-championne de France de marche.<\/p>\n","protected":false},"excerpt":{"rendered":"D\u00e9j\u00e0 vainqueur en 2021, le Marocain Younes Idlmoudden, 3e du 10km l&rsquo;an pass\u00e9, a remport\u00e9 ce dimanche matin&hellip;\n","protected":false},"author":2,"featured_media":92079,"comment_status":"","ping_status":"","sticky":false,"template":"","format":"standard","meta":{"footnotes":""},"categories":[2820],"tags":[1111,11,4132,2649,2880,1777,674,107,1701,1011,27,775,12,25,517,640],"class_list":{"0":"post-92078","1":"post","2":"type-post","3":"status-publish","4":"format-standard","5":"has-post-thumbnail","7":"category-strasbourg","8":"tag-actu","9":"tag-actualites","10":"tag-athletisme","11":"tag-bas-rhin","12":"tag-edition-strasbourg","13":"tag-eu","14":"tag-europe","15":"tag-fil-info","16":"tag-fil-info-sport","17":"tag-fr","18":"tag-france","19":"tag-grand-est","20":"tag-news","21":"tag-republique-francaise","22":"tag-sport","23":"tag-strasbourg"},"share_on_mastodon":{"url":"https:\/\/pubeurope.com\/@fr\/114489915182511865","error":""},"_links":{"self":[{"href":"https:\/\/www.europesays.com\/fr\/wp-json\/wp\/v2\/posts\/92078","targetHints":{"allow":["GET"]}}],"collection":[{"href":"https:\/\/www.europesays.com\/fr\/wp-json\/wp\/v2\/posts"}],"about":[{"href":"https:\/\/www.europesays.com\/fr\/wp-json\/wp\/v2\/types\/post"}],"author":[{"embeddable":true,"href":"https:\/\/www.europesays.com\/fr\/wp-json\/wp\/v2\/users\/2"}],"replies":[{"embeddable":true,"href":"https:\/\/www.europesays.com\/fr\/wp-json\/wp\/v2\/comments?post=92078"}],"version-history":[{"count":0,"href":"https:\/\/www.europesays.com\/fr\/wp-json\/wp\/v2\/posts\/92078\/revisions"}],"wp:featuredmedia":[{"embeddable":true,"href":"https:\/\/www.europesays.com\/fr\/wp-json\/wp\/v2\/media\/92079"}],"wp:attachment":[{"href":"https:\/\/www.europesays.com\/fr\/wp-json\/wp\/v2\/media?parent=92078"}],"wp:term":[{"taxonomy":"category","embeddable":true,"href":"https:\/\/www.europesays.com\/fr\/wp-json\/wp\/v2\/categories?post=92078"},{"taxonomy":"post_tag","embeddable":true,"href":"https:\/\/www.europesays.com\/fr\/wp-json\/wp\/v2\/tags?post=92078"}],"curies":[{"name":"wp","href":"https:\/\/api.w.org\/{rel}","templated":true}]}}