{"id":92090,"date":"2025-05-11T15:35:12","date_gmt":"2025-05-11T15:35:12","guid":{"rendered":"https:\/\/www.europesays.com\/fr\/92090\/"},"modified":"2025-05-11T15:35:12","modified_gmt":"2025-05-11T15:35:12","slug":"les-girondins-avec-les-memes-lacunes-joueur-par-joueur-bordeaux-granville","status":"publish","type":"post","link":"https:\/\/www.europesays.com\/fr\/92090\/","title":{"rendered":"Les Girondins avec les m\u00eames lacunes [Joueur par joueur Bordeaux-Granville]"},"content":{"rendered":"<p><img decoding=\"async\" src=\"https:\/\/www.europesays.com\/fr\/wp-content\/uploads\/2025\/05\/671_f73f6b3632aaa1122b7e26955f9061be.jpg\" alt=\"Les Girondins avec les m\u00eames lacunes [Joueur par joueur Bordeaux-Granville]\" class=\"img-responsive mt-3\"\/><\/p>\n<p class=\"text-center mb-3\" style=\"font-size: 14px\">\u00a9 Iconsport<\/p>\n<p style=\"text-align: justify;\"><a href=\"https:\/\/www.webgirondins.com\/actualite-girondins-n2-reaction-de-bruno-irles-apres-la-victoire-des-girondins-face-a-granville-3-2-129019\" target=\"_blank\" rel=\"noopener nofollow\"><strong>Bruno Irl\u00e8s<\/strong><\/a> : il met Beugr\u00e9 sur le banc de touche, ce qui n\u2019\u00e9tait plus arriv\u00e9 depuis le 1er f\u00e9vrier face aux Herbiers. Yanis Merdji qui apporte plus de mouvements et de possibilit\u00e9, est titulaire, Amadou Diallo aussi. La rencontre est assez tranquille \u00e0 g\u00e9rer pour lui, il n\u2019y a pas de blessure ni de fait de jeu. Son coaching est r\u00e9alis\u00e9 lorsque Bordeaux m\u00e8ne au score. Son \u00e9quipe a montr\u00e9 les m\u00eames difficult\u00e9s collectives dans ce match. Enfin, sa moyenne de points par match cette saison est de 1,66 ppm.<\/p>\n<p style=\"text-align: justify;\"><strong>Lassana Diabat\u00e9<\/strong> : le gardien bordelais a altern\u00e9 le bon et le moins bon dans cette rencontre. Il est responsable de l&rsquo;\u00e9galisation de Granville. Trop confiant, il a le ballon dans les pieds et tente de dribbler l\u2019attaquant normand et se fait subtiliser le ballon et encaisse le but. Il n\u2019a pas pris la bonne d\u00e9cision ni bien r\u00e9alis\u00e9 son geste technique. Il se rattrape en fin de match en arr\u00eatant un p\u00e9nalty \u00e0 la 73e minute.<\/p>\n<p style=\"text-align: justify;\"><strong>Jean Grillot<\/strong> : un peu moins dominateur que lors de ses derni\u00e8res sorties. Il est parfois en retard sur ses interventions d\u00e9fensives.<\/p>\n<p style=\"text-align: justify;\"><strong>Nassim Ranem<\/strong> : sa compl\u00e9mentarit\u00e9 avec Jean Grillot est int\u00e9ressante. Il a \u00e9t\u00e9 solide dans les duels. Il est proche de conc\u00e9der un p\u00e9nalty d\u00e8s la 2e minute de jeu pour une intervention en retard sur l&rsquo;attaquant granvillais. Heureusement, l&rsquo;arbitre ne siffle pas la faute.<\/p>\n<p style=\"text-align: justify;\"><strong>Youssouf Assogba<\/strong> : comme \u00e0 son habitude, le lat\u00e9ral droit bordelais a un placement d\u00e9fensif al\u00e9atoire et se fait d\u00e9border par son adversaire direct Dje Dje dans ce match. De plus, il conc\u00e8de un p\u00e9nalty \u00e0 la 73e minute. Il faut mettre \u00e0 son cr\u00e9dit, une belle action offensive et un centre qui finit au fond des filets de Foll sur un CSC normand.<\/p>\n<p style=\"text-align: justify;\"><strong>Nathanael Bai<\/strong> : une belle technique balle au pied qui lui permet de conserver des ballons et d\u2019en perdre assez peu. Son match est r\u00e9gulier, m\u00eame si on attend plus sur le plan offensif avec un apport trop faible pour inqui\u00e9ter la d\u00e9fense adverse.<\/p>\n<p style=\"text-align: justify;\"><strong>Adrien Louveau<\/strong> : actif et dynamique, il marque un superbe d\u00fb d&rsquo;une frappe lourde. C\u2019est son premier but de la saison. On reste interrogatif sur le fait que ce d\u00e9fenseur central ait jou\u00e9 toute la saison au poste de milieu d\u00e9fensif et relayeur. Il ne s\u2019\u00e9conomise pas sur le terrain.<\/p>\n<p style=\"text-align: justify;\"><strong>Emeric Depussay<\/strong> : aux c\u00f4t\u00e9s d\u2019Adrien Louveau dans le milieu bordelais, son activit\u00e9 d\u00e9fensive est int\u00e9ressante. Toutefois, ses trop nombreuses relances perdues ruinent son match. Il n&rsquo;arrive pas ou peu \u00e0 faire un passe dans la course d\u2019un de ses co\u00e9quipiers.<\/p>\n<p style=\"text-align: justify;\"><strong>Amadou Diallo<\/strong> : peu ou pas de r\u00e9ussite dans ce match. Peu de fois cette saison, il aura r\u00e9ussi \u00e0 s&rsquo;imposer dans une rencontre. Son match face \u00e0 Granville pour la derni\u00e8re \u00e0 domicile nous laisse sur notre faim, car il a \u00e9t\u00e9 transparent. Le niveau National 2 n\u2019est-il pas trop haut pour lui ?<\/p>\n<p style=\"text-align: justify;\"><strong>Yvan Ikia Dimi<\/strong> : il obtient le p\u00e9nalty de la victoire \u00e0 la 64e minute. Il est accroch\u00e9 dans la surface de r\u00e9paration. Il est remplac\u00e9 par Diaw pour les trois derni\u00e8res minutes de la rencontre.<\/p>\n<p style=\"text-align: justify;\"><strong>Yanis Merdji<\/strong> : titulaire, ce qui n\u2019\u00e9tait plus arriv\u00e9 depuis le 15 mars et le d\u00e9placement \u00e0 Avranches. Cette fois-ci, il joue en neuf et demi, et tourne autour d\u2019Andy Carroll quand celui-ci ne d\u00e9zone pas trop. Il a anim\u00e9 l&rsquo;attaque bordelaise avec du pressing et des courses incessantes. Il apporte beaucoup de mobilit\u00e9 et de solutions \u00e0 ses partenaires. Remplac\u00e9 \u00e0 Beugre \u00e0 la 6e minute.<\/p>\n<p style=\"text-align: justify;\"><strong>Andy Carroll<\/strong> : capitaine de l\u2019\u00e9quipe, il marque son 11e but de la saison sur p\u00e9nalty. En regardant dans le r\u00e9troviseur, c\u2018est un total d\u00e9cevant pour un joueur de ce calibre qui joue en 4e division. Dans cette rencontre, il a \u00e9t\u00e9 excentr\u00e9 au deuxi\u00e8me, voire au troisi\u00e8me poteau, souvent du c\u00f4t\u00e9 oppos\u00e9. Est-ce une consigne du coach ou une initiative personnelle du joueur ? C&rsquo;est dommage, car le Andy Carroll qui marque est celui qui reste dans la surface adverse, proche du but.<\/p>\n<p style=\"text-align: justify;\">Nicolas Pietrelli<\/p>\n<p>ENTRETIEN :\u00a0<strong><a href=\"https:\/\/www.webgirondins.com\/actualite-girondins-girondins-de-bordeaux-le-temoignage-poignant-de-yannick-stopyra-sur-la-fin-du-centre-de-formation-129008\" target=\"_blank\" rel=\"noopener nofollow\">Le t\u00e9moignage poignant de Yannick Stopyra sur la fin du centre de formation<\/a><\/strong><\/p>\n<p>\u00c0 vous de voter :<\/p>\n<p>\u00a0<\/p>\n","protected":false},"excerpt":{"rendered":"\u00a9 Iconsport Bruno Irl\u00e8s : il met Beugr\u00e9 sur le banc de touche, ce qui n\u2019\u00e9tait plus arriv\u00e9&hellip;\n","protected":false},"author":2,"featured_media":92091,"comment_status":"","ping_status":"","sticky":false,"template":"","format":"standard","meta":{"footnotes":""},"categories":[2817],"tags":[1111,11,2865,3396,1997,12475,1777,674,2823,1011,27,1987,19521,1441,16144,3591,20370,12,2219,25,3242,3982,2259,19073,3467,2858,3468],"class_list":{"0":"post-92090","1":"post","2":"type-post","3":"status-publish","4":"format-standard","5":"has-post-thumbnail","7":"category-bordeaux","8":"tag-actu","9":"tag-actualites","10":"tag-atlantique","11":"tag-avec","12":"tag-bordeaux","13":"tag-buts","14":"tag-eu","15":"tag-europe","16":"tag-face","17":"tag-fr","18":"tag-france","19":"tag-girondins","20":"tag-granville","21":"tag-joueur","22":"tag-lacunes","23":"tag-leurs","24":"tag-memes","25":"tag-news","26":"tag-nouvelle-aquitaine","27":"tag-republique-francaise","28":"tag-saison","29":"tag-samedi","30":"tag-score","31":"tag-signent","32":"tag-soir","33":"tag-stade","34":"tag-victoires"},"share_on_mastodon":{"url":"https:\/\/pubeurope.com\/@fr\/114489938747128567","error":""},"_links":{"self":[{"href":"https:\/\/www.europesays.com\/fr\/wp-json\/wp\/v2\/posts\/92090","targetHints":{"allow":["GET"]}}],"collection":[{"href":"https:\/\/www.europesays.com\/fr\/wp-json\/wp\/v2\/posts"}],"about":[{"href":"https:\/\/www.europesays.com\/fr\/wp-json\/wp\/v2\/types\/post"}],"author":[{"embeddable":true,"href":"https:\/\/www.europesays.com\/fr\/wp-json\/wp\/v2\/users\/2"}],"replies":[{"embeddable":true,"href":"https:\/\/www.europesays.com\/fr\/wp-json\/wp\/v2\/comments?post=92090"}],"version-history":[{"count":0,"href":"https:\/\/www.europesays.com\/fr\/wp-json\/wp\/v2\/posts\/92090\/revisions"}],"wp:featuredmedia":[{"embeddable":true,"href":"https:\/\/www.europesays.com\/fr\/wp-json\/wp\/v2\/media\/92091"}],"wp:attachment":[{"href":"https:\/\/www.europesays.com\/fr\/wp-json\/wp\/v2\/media?parent=92090"}],"wp:term":[{"taxonomy":"category","embeddable":true,"href":"https:\/\/www.europesays.com\/fr\/wp-json\/wp\/v2\/categories?post=92090"},{"taxonomy":"post_tag","embeddable":true,"href":"https:\/\/www.europesays.com\/fr\/wp-json\/wp\/v2\/tags?post=92090"}],"curies":[{"name":"wp","href":"https:\/\/api.w.org\/{rel}","templated":true}]}}