{"id":92094,"date":"2025-05-11T15:37:09","date_gmt":"2025-05-11T15:37:09","guid":{"rendered":"https:\/\/www.europesays.com\/fr\/92094\/"},"modified":"2025-05-11T15:37:09","modified_gmt":"2025-05-11T15:37:09","slug":"pres-de-toulouse-cette-guinguette-a-lesprit-plage-et-piscine-veut-etre-lune-des-favorites-de-cet-ete","status":"publish","type":"post","link":"https:\/\/www.europesays.com\/fr\/92094\/","title":{"rendered":"Pr\u00e8s de Toulouse. Cette guinguette \u00e0 l&rsquo;esprit plage et piscine veut \u00eatre l&rsquo;une des favorites de cet \u00e9t\u00e9"},"content":{"rendered":"<p>            Par<br \/>\n        <strong><br \/>\n            <a href=\"https:\/\/actu.fr\/auteur\/mareva-laville-actu-fr\" title=\"Consulter tous les articles de Mar\u00e9va Laville\" target=\"_blank\" rel=\"noopener\">Mar\u00e9va Laville<\/a><br \/>\n        <\/strong><\/p>\n<p>        Publi\u00e9 le<\/p>\n<p>            11 mai 2025 \u00e0 17h29        <\/p>\n<p><strong>La Pistoche<\/strong> avait \u00e9moustill\u00e9 les Toulousains par son ouverture l\u2019an dernier, au sein d\u2019un \u00e9tablissement comprenant\u2026 une piscine\u2009! Rare dans les <a href=\"https:\/\/actu.fr\/occitanie\/toulouse_31555\/toulouse-bars-du-centre-ville-contre-guinguettes-la-guerre-des-terrasses_60972537.html\" target=\"_blank\" rel=\"noopener\">tr\u00e8s nombreuses guinguettes de Toulouse.<\/a> Mais si, contrairement \u00e0 celle du <a href=\"https:\/\/actu.fr\/occitanie\/toulouse_31555\/toulouse-piscine-pool-party-resto-le-petit-bikini-rouvre-pour-un-nouvel-ete_61198352.html\" target=\"_blank\" rel=\"noopener\">Petit Bikini<\/a>, la baignade n\u2019est pas ouverte au grand public dans le bassin de La Pistoche, cette<strong> guinguette de Blagnac<\/strong>, qui <strong>ouvrira le 2\u00a0juin 2025<\/strong>, saura trouver ses amateurs. Du c\u00f4t\u00e9 des amoureux de la plage notamment.<\/p>\n<p>Ambiance vacances d\u2019\u00e9t\u00e9 pr\u00e8s de l\u2019a\u00e9roport<\/p>\n<p class=\" wall-content\">Il n\u2019y a qu\u2019\u00e0 voir la d\u00e9coration. <strong>Cabanes ray\u00e9es<\/strong>, plage de <strong>sable<\/strong>, bou\u00e9es gonflables, <strong>chiliennes<\/strong>, <strong>barbecue<\/strong>, terrains de <strong>p\u00e9tanque<\/strong>, tables de ping-pong\u2026. Tout y est pour se sentir comme en vacances dans une station baln\u00e9aire. Objectif\u2009? \u00ab\u2009D\u00e9payser les futurs clients\u2009\u00bb, avance La Pistoche. Et pour ce faire, direction l\u2019<strong>h\u00f4tel Pullman Toulouse Airport<\/strong>, \u00e0 deux pas de l\u2019a\u00e9roport.<\/p>\n<p>      <img   decoding=\"async\" loading=\"lazy\" src=\"https:\/\/www.europesays.com\/fr\/wp-content\/uploads\/2025\/05\/guinguettelapistochepullmantoulouseairport3-kevinspadafora-960x640.jpg\" alt=\"Terrain de p\u00e9tanque et table de ping-pong offrent une ambiance vacances.\" width=\"960\" height=\"640\"\/><br \/>\n    Terrain de p\u00e9tanque et table de ping-pong offrent une ambiance vacances. (\u00a9Kevin Spadafor)<\/p>\n<p class=\" wall-content\">Ici, la guinguette de l\u2019h\u00f4tel vise donc aussi bien les habitants de Toulouse et de Blagnac que les Airbusiens, les touristes et les travailleurs en voyage. Une cible qui a su r\u00e9pondre \u00e0 l\u2019appel <a href=\"https:\/\/actu.fr\/occitanie\/blagnac_31069\/pres-de-toulouse-une-toute-nouvelle-guinguette-a-cote-d-airbus-avec-piscine-et-plage-de-sable_61143985.html\" target=\"_blank\" rel=\"noopener\">la saison pass\u00e9e<\/a>\u00a0\u2013 sa premi\u00e8re -, durant laquelle l\u2019\u00e9quipe de La Pistoche aurait r\u00e9alis\u00e9 \u00ab<strong>\u20094\u2009700 couverts<\/strong> malgr\u00e9 une m\u00e9t\u00e9o capricieuse en septembre\u2009\u00bb, se vante-t-elle. Objectif cette ann\u00e9e\u2009? Faire mieux, \u00e9videmment, et se convertir en <strong>l\u2019une des adresses pr\u00e9f\u00e9r\u00e9es des Toulousains <\/strong>cet \u00e9t\u00e9.<\/p>\n<p>150 places en terrasse et un plan B en cas de pluie<\/p>\n<p class=\" wall-content\">D\u2019autant qu\u2019en cas de mauvais temps, La Pistoche a pr\u00e9vu un plan B\u2009: une annexe compos\u00e9e d\u2019une <strong>terrasse couverte<\/strong>\u00a0et d\u2019un <strong>restaurant int\u00e9rieur<\/strong>. Une alternative abrit\u00e9e si la pluie venait \u00e0 tomber.<\/p>\n<p class=\" wall-content\">Mais en cas de soleil et de belles chaleurs, c\u2019est bel et bien \u00e0 l\u2019ext\u00e9rieur, dans un espace qui \u00e9tait jusqu\u2019\u00e0 l\u2019ann\u00e9e derni\u00e8re inexploit\u00e9, que les festivit\u00e9s se passent. <strong>Dehors<\/strong>, La Pistoche peut recevoir<strong> jusqu\u2019\u00e0 150\u00a0personnes<\/strong> au rendez-vous pour appr\u00e9cier les <strong>cocktails aux noms originaux \u00ab<\/strong>\u2009pour les bringueurs, les fadas ou ceux qui s\u2019font la malle\u2009!\u2009\u00bb et les <strong>plats \u00e0 partager<\/strong> \u00ab\u2009plus g\u00e9n\u00e9reux que des tapas\u2009\u00bb, avec des viandes et poissons cuits \u00e0 la braise, \u00e0 la plancha ou au <strong>barbecue \u00e0 la japonaise.<\/strong><\/p>\n<p>Vid\u00e9os : en ce moment sur Actu<\/p>\n<p class=\" wall-content\"><a href=\"https:\/\/www.instagram.com\/p\/C-VnIUUoOW6\/embed\" title=\"Ouvrir le lien sur Instagram\" target=\"_blank\" rel=\"noopener\">Visualiser le contenu sur Instagram<\/a><\/p>\n<p>Des DJs sets jusqu\u2019\u00e0 la fin de l\u2019\u00e9t\u00e9<\/p>\n<p class=\" wall-content\">De quoi s\u00e9duire les amis, coll\u00e8gues et familles friands d\u2019ap\u00e9ros et moments de d\u00e9tente\u2026 en musique\u2009! Comme l\u2019an pass\u00e9, La Pistoche accueillera r\u00e9guli\u00e8rement des DJs. <strong>Tous les jeudis soir, le DJ r\u00e9sident Yabe mixera dans une ambiance \u00e9lectro-chill.<\/strong> Des soir\u00e9es \u00e0 th\u00e8me seront \u00e9galement organis\u00e9es tout au long de la saison, qui s\u2019\u00e9talera jusqu\u2019\u00e0 la fin du mois de septembre\u00a02025.<\/p>\n<p>La guinguette et sa piscine privatisables<\/p>\n<p class=\" wall-content\">Cela laisse quatre mois aux int\u00e9ress\u00e9s pour tester ce (presque) nouveau lieu. Et aux entreprises y compris. Car <strong>La Pistoche est privatisable<\/strong> sur demande, que ce soit pour les soir\u00e9es festives de particuliers comme pour des s\u00e9minaires ou des repas d\u2019entreprises.<\/p>\n<p class=\" wall-content\">Et privatisation oblige, le <strong>bonus piscine<\/strong> est accordable \u00e0 condition de d\u00e9bourser, pour la r\u00e9servation totale, 1\u2009500\u00a0\u20ac pour un minimum de 30\u00a0personnes, en semaine jusqu\u2019au jeudi.<\/p>\n<p>    <a href=\"https:\/\/www.google.com\/maps\/embed?pb=!1m18!1m12!1m3!1d9453.847162867885!2d1.3797758128528044!3d43.6263437540451!2m3!1f0!2f0!3f0!3m2!1i1024!2i768!4f13.1!3m3!1m2!1s0x12aebab492aaa905%3A0x94f3c97b197c857e!2sPullman%20Toulouse%20Airport!5e1!3m2!1sfr!2sfr!4v1746805548842!5m2!1sfr!2sfr\" title=\"Ouvrie le lien\" target=\"_blank\" rel=\"noopener\">Cliquez ici pour visualiser le contenu<\/a><\/p>\n<p><strong>Infos pratiques :<br \/><\/strong>La Pistoche<br \/>\n\u00c0 l\u2019h\u00f4tel Pullman de l\u2019a\u00e9roport de Toulouse-Blagnac<br \/>\nOuverture du 2\u00a0juin \u00e0 fin septembre\u00a02025<br \/>\nDu lundi au vendredi de 17h \u00e0 minuit<br \/>\nPour toute demande de privatisation, du lundi au dimanche (jusqu\u2019\u00e0 200 personnes en format cocktail) \u2013 contact du service commercial\u2009: <a href=\"https:\/\/actu.fr\/cdn-cgi\/l\/email-protection\" class=\"__cf_email__\" data-cfemail=\"eb83dbdedddec69889ab8a88888499c5888486\" target=\"_blank\" rel=\"noopener\">[email\u00a0protected]<\/a><\/p>\n<p><strong>Pour se garer\u2009:<\/strong><br \/>\u2013 Parking priv\u00e9 et s\u00e9curis\u00e9 gratuit (100 places) du Pullman Toulouse Airport.<br \/>\u2013 Emplacement pour les v\u00e9los pr\u00e9vu sur le parking.<br \/>\u2013 Acc\u00e8s Bus Tiss\u00e9o N\u00b031 (arr\u00eat\u2009: Dewoitine)<\/p>\n<p class=\" wall-content\">Suivez toute l\u2019actualit\u00e9 de vos villes et m\u00e9dias favoris en vous inscrivant \u00e0 <a href=\"https:\/\/moncompte.actu.fr\" title=\"D\u00e9couvez Mon Actu\" rel=\"nofollow noopener\" data-trk=\"{&quot;cta&quot;:{&quot;action&quot;:&quot;https:\\\/\\\/moncompte.actu.fr&quot;,&quot;category&quot;:&quot;mon compte&quot;,&quot;from&quot;:&quot;article footer&quot;,&quot;name&quot;:&quot;Mon actu&quot;,&quot;type&quot;:&quot;cta&quot;}}\" target=\"_blank\">Mon Actu<\/a>.<\/p>\n<ul class=\"ac-article-tag wall-content\">\n<li><a href=\"https:\/\/actu.fr\/tag\/guinguette\" data-trk=\"{&quot;cta&quot;:{&quot;action&quot;:&quot;Guinguette&quot;,&quot;category&quot;:&quot;tag&quot;,&quot;from&quot;:&quot;article footer&quot;,&quot;name&quot;:&quot;Guinguette&quot;,&quot;type&quot;:&quot;cta&quot;}}\" target=\"_blank\" rel=\"noopener\">#Guinguette<\/a><\/li>\n<li><a href=\"https:\/\/actu.fr\/tag\/guinguettes-a-toulouse\" data-trk=\"{&quot;cta&quot;:{&quot;action&quot;:&quot;Guinguettes \\u00e0 Toulouse&quot;,&quot;category&quot;:&quot;tag&quot;,&quot;from&quot;:&quot;article footer&quot;,&quot;name&quot;:&quot;Guinguettes \\u00e0 Toulouse&quot;,&quot;type&quot;:&quot;cta&quot;}}\" target=\"_blank\" rel=\"noopener\">#Guinguettes \u00e0 Toulouse<\/a><\/li>\n<\/ul>\n<p>                    <script async src=\"\/\/www.instagram.com\/embed.js\"><\/script><\/p>\n","protected":false},"excerpt":{"rendered":"Par Mar\u00e9va Laville Publi\u00e9 le 11 mai 2025 \u00e0 17h29 La Pistoche avait \u00e9moustill\u00e9 les Toulousains par son&hellip;\n","protected":false},"author":2,"featured_media":92095,"comment_status":"","ping_status":"","sticky":false,"template":"","format":"standard","meta":{"footnotes":""},"categories":[2816],"tags":[1111,11,1777,674,1011,27,5691,14574,1305,12,2680,25,2312],"class_list":{"0":"post-92094","1":"post","2":"type-post","3":"status-publish","4":"format-standard","5":"has-post-thumbnail","7":"category-toulouse","8":"tag-actu","9":"tag-actualites","10":"tag-eu","11":"tag-europe","12":"tag-fr","13":"tag-france","14":"tag-guinguette","15":"tag-guinguettes-a-toulouse","16":"tag-lifestyle","17":"tag-news","18":"tag-occitanie","19":"tag-republique-francaise","20":"tag-toulouse"},"share_on_mastodon":{"url":"https:\/\/pubeurope.com\/@fr\/114489946510845894","error":""},"_links":{"self":[{"href":"https:\/\/www.europesays.com\/fr\/wp-json\/wp\/v2\/posts\/92094","targetHints":{"allow":["GET"]}}],"collection":[{"href":"https:\/\/www.europesays.com\/fr\/wp-json\/wp\/v2\/posts"}],"about":[{"href":"https:\/\/www.europesays.com\/fr\/wp-json\/wp\/v2\/types\/post"}],"author":[{"embeddable":true,"href":"https:\/\/www.europesays.com\/fr\/wp-json\/wp\/v2\/users\/2"}],"replies":[{"embeddable":true,"href":"https:\/\/www.europesays.com\/fr\/wp-json\/wp\/v2\/comments?post=92094"}],"version-history":[{"count":0,"href":"https:\/\/www.europesays.com\/fr\/wp-json\/wp\/v2\/posts\/92094\/revisions"}],"wp:featuredmedia":[{"embeddable":true,"href":"https:\/\/www.europesays.com\/fr\/wp-json\/wp\/v2\/media\/92095"}],"wp:attachment":[{"href":"https:\/\/www.europesays.com\/fr\/wp-json\/wp\/v2\/media?parent=92094"}],"wp:term":[{"taxonomy":"category","embeddable":true,"href":"https:\/\/www.europesays.com\/fr\/wp-json\/wp\/v2\/categories?post=92094"},{"taxonomy":"post_tag","embeddable":true,"href":"https:\/\/www.europesays.com\/fr\/wp-json\/wp\/v2\/tags?post=92094"}],"curies":[{"name":"wp","href":"https:\/\/api.w.org\/{rel}","templated":true}]}}