{"id":92096,"date":"2025-05-11T15:39:50","date_gmt":"2025-05-11T15:39:50","guid":{"rendered":"https:\/\/www.europesays.com\/fr\/92096\/"},"modified":"2025-05-11T15:39:50","modified_gmt":"2025-05-11T15:39:50","slug":"brest-plombe-lille-dans-la-course-a-la-ligue-des-champions","status":"publish","type":"post","link":"https:\/\/www.europesays.com\/fr\/92096\/","title":{"rendered":"Brest plombe Lille dans la course \u00e0 la Ligue des champions"},"content":{"rendered":"<p>Lille, battu 2-0 samedi \u00e0 Brest pour la 33e et avant-derni\u00e8re journ\u00e9e de Ligue 1, a perdu toute chance de se qualifier directement pour la Ligue des champions, et n&rsquo;a plus vraiment son destin entre les mains pour arracher la quatri\u00e8me place, synonyme de barrages pour la C1.<\/p>\n<p>Avec 57 points, l\u2019\u00e9quipe de Bruno Genesio occupe la 5e place, devanc\u00e9e par Nice \u00e0 la diff\u00e9rence de buts (+15 contre +19). Strasbourg, avec le m\u00eame nombre de points, est 6e. Il faudra aux Nordistes battre Reims lors de la derni\u00e8re journ\u00e9e et esp\u00e9rer un faux pas de Nice, qui accueillera Brest.<\/p>\n<p>Apr\u00e8s son nul heureux la semaine derni\u00e8re contre Marseille (1-1), le LOSC a sembl\u00e9 sans solution face \u00e0 un Brest pourtant diminu\u00e9.<\/p>\n<p>Priv\u00e9s de Benjamin Andr\u00e9 et Bafod\u00e9 Diakit\u00e9, les Nordistes ont sombr\u00e9 sur des buts de Ludovic Ajorque (1-0, 42e) et Kamory Doumbia (2-0, 64e).<\/p>\n<p>Ajorque a r\u00e9compens\u00e9 les Bretons de leur domination en premi\u00e8re p\u00e9riode, en ouvrant le score \u00e0 la r\u00e9ception d&rsquo;un centre enroul\u00e9 de Romain Del Castillo, d&rsquo;une t\u00eate crois\u00e9e imparable pour le gardien lillois Lucas Chevalier.<\/p>\n<p>Malgr\u00e9 quelques tentatives de r\u00e9bellion des Lillois, Brest n&rsquo;a pas rel\u00e2ch\u00e9 son emprise apr\u00e8s la pause. Et sur un contre en solitaire, conclu par un petit slalom dans la surface, Doumbia a confirm\u00e9 le succ\u00e8s des Brestois face \u00e0 des Nordistes maladroits et peu inspir\u00e9s.<\/p>\n<p>Le score aurait m\u00eame pu \u00eatre plus lourd sans Lucas Chevalier, auteur d\u2019un bel arr\u00eat sur une reprise de vol\u00e9e d&rsquo;Abdallah Sima en fin de match (89e).<\/p>\n<p>De son c\u00f4t\u00e9, Lille a pein\u00e9 \u00e0 se montr\u00e9 dangereux, si ce n\u2019est sur un duel perdu par Isma\u00efly en d\u00e9but de match face \u00e0 Marco Bizot (27e) ou sur un tir sur la barre d\u2019Akpom (90&rsquo;+2).<\/p>\n<p>cor-hap\/cpb\/<\/p>\n","protected":false},"excerpt":{"rendered":"Lille, battu 2-0 samedi \u00e0 Brest pour la 33e et avant-derni\u00e8re journ\u00e9e de Ligue 1, a perdu toute&hellip;\n","protected":false},"author":2,"featured_media":92097,"comment_status":"","ping_status":"","sticky":false,"template":"","format":"standard","meta":{"footnotes":""},"categories":[2815],"tags":[1111,11,3450,8095,1777,674,1011,27,811,20377,20374,447,1307,2267,4668,20372,20376,12,20373,4243,25,20375,640],"class_list":{"0":"post-92096","1":"post","2":"type-post","3":"status-publish","4":"format-standard","5":"has-post-thumbnail","7":"category-lille","8":"tag-actu","9":"tag-actualites","10":"tag-brest","11":"tag-bruno-genesio","12":"tag-eu","13":"tag-europe","14":"tag-fr","15":"tag-france","16":"tag-hauts-de-france","17":"tag-ismaily","18":"tag-kamory-doumbia","19":"tag-ligue-des-champions","20":"tag-lille","21":"tag-losc","22":"tag-lucas-chevalier","23":"tag-ludovic-ajorque","24":"tag-marco-bizot","25":"tag-news","26":"tag-nordistes","27":"tag-reims","28":"tag-republique-francaise","29":"tag-romain-del-castillo","30":"tag-strasbourg"},"share_on_mastodon":{"url":"https:\/\/pubeurope.com\/@fr\/114489958254192185","error":""},"_links":{"self":[{"href":"https:\/\/www.europesays.com\/fr\/wp-json\/wp\/v2\/posts\/92096","targetHints":{"allow":["GET"]}}],"collection":[{"href":"https:\/\/www.europesays.com\/fr\/wp-json\/wp\/v2\/posts"}],"about":[{"href":"https:\/\/www.europesays.com\/fr\/wp-json\/wp\/v2\/types\/post"}],"author":[{"embeddable":true,"href":"https:\/\/www.europesays.com\/fr\/wp-json\/wp\/v2\/users\/2"}],"replies":[{"embeddable":true,"href":"https:\/\/www.europesays.com\/fr\/wp-json\/wp\/v2\/comments?post=92096"}],"version-history":[{"count":0,"href":"https:\/\/www.europesays.com\/fr\/wp-json\/wp\/v2\/posts\/92096\/revisions"}],"wp:featuredmedia":[{"embeddable":true,"href":"https:\/\/www.europesays.com\/fr\/wp-json\/wp\/v2\/media\/92097"}],"wp:attachment":[{"href":"https:\/\/www.europesays.com\/fr\/wp-json\/wp\/v2\/media?parent=92096"}],"wp:term":[{"taxonomy":"category","embeddable":true,"href":"https:\/\/www.europesays.com\/fr\/wp-json\/wp\/v2\/categories?post=92096"},{"taxonomy":"post_tag","embeddable":true,"href":"https:\/\/www.europesays.com\/fr\/wp-json\/wp\/v2\/tags?post=92096"}],"curies":[{"name":"wp","href":"https:\/\/api.w.org\/{rel}","templated":true}]}}