{"id":92098,"date":"2025-05-11T15:40:08","date_gmt":"2025-05-11T15:40:08","guid":{"rendered":"https:\/\/www.europesays.com\/fr\/92098\/"},"modified":"2025-05-11T15:40:08","modified_gmt":"2025-05-11T15:40:08","slug":"un-plongeur-de-71-ans-decede-dans-la-rade-de-marseille","status":"publish","type":"post","link":"https:\/\/www.europesays.com\/fr\/92098\/","title":{"rendered":"Un plongeur de 71 ans d\u00e9c\u00e8de dans la rade de Marseille"},"content":{"rendered":"<p>Une <a href=\"https:\/\/www.laprovence.com\/article\/mer\/64286089406128\/marseille-les-clubs-de-plongee-dans-le-viseur-des-autorites\" target=\"_blank\" rel=\"noopener\">sortie de plong\u00e9e<\/a> qui vire au drame. Ce dimanche 11 mai peu avant 10h, un plongeur de 71 ans a perdu connaissance au nord de l&rsquo;ilot du Planier dans la rade de Marseille. \u00ab\u00a0D\u00e8s sa sortie de l&rsquo;eau, l&rsquo;homme de 71 ans en arr\u00eat cardio-respiratoire a fait l&rsquo;objet d&rsquo;une r\u00e9animation cardio-pulmonaire par l&rsquo;\u00e9quipage du support de plong\u00e9e \u00ab\u00a0, d\u00e9crit la pr\u00e9fecture maritime de la M\u00e9diterran\u00e9e.<\/p>\n<p>Entre 6 et 8 personnes de la Soci\u00e9t\u00e9 nationale de sauvetage en mer (SNSM) de Marseille ont \u00e9t\u00e9 mobilis\u00e9es ainsi qu&rsquo;un h\u00e9licopt\u00e8re de la S\u00e9curit\u00e9 civile bas\u00e9 \u00e0 Marignane avec une \u00e9quipe m\u00e9dicale \u00e0 bord. Malgr\u00e9 cela, le plongeur n&rsquo;a pas surv\u00e9cu.<\/p>\n<p>Une plong\u00e9e de 4 minutes \u00e0 25 m\u00e8tres<\/p>\n<p>\u00ab\u00a0Il faisait partie d&rsquo;un groupe de plongeurs qui n&rsquo;\u00e9taient pas de la r\u00e9gion mais qui plongeait ce dimanche avec un club marseillais. Il a plong\u00e9 4 minutes \u00e0 25 m\u00e8tres, ce qui est assez peu en profondeur comme sur la dur\u00e9e\u00a0\u00bb, pr\u00e9cise la pr\u00e9fecture maritime.<\/p>\n<p>Alors que la p\u00e9riode de plong\u00e9e s&rsquo;ouvre, la pr\u00e9fecture maritime rappelle certaines conditions de s\u00e9curit\u00e9 telles qu&rsquo;une bonne pr\u00e9paration de sa plong\u00e9e (m\u00e9t\u00e9o, conditions de navigation, etc.), la v\u00e9rification du bon \u00e9tat de son mat\u00e9riel (notamment apr\u00e8s avoir \u00e9t\u00e9 stock\u00e9 plusieurs mois), ne pas plonger seul en privil\u00e9giant la plong\u00e9e en structure professionnelle. Il est \u00e9galement recommand\u00e9 de bien conna\u00eetre ses capacit\u00e9s et de ne pas surestimer sa condition physique, notamment pour une reprise d&rsquo;activit\u00e9 apr\u00e8s plusieurs mois d&rsquo;arr\u00eat ou encore de savoir alerter lorsque survient un impr\u00e9vu par t\u00e9l\u00e9phone au 196 ou canal VHF 16 pour une prise en charge m\u00e9dicale rapide.<\/p>\n","protected":false},"excerpt":{"rendered":"Une sortie de plong\u00e9e qui vire au drame. Ce dimanche 11 mai peu avant 10h, un plongeur de&hellip;\n","protected":false},"author":2,"featured_media":92099,"comment_status":"","ping_status":"","sticky":false,"template":"","format":"standard","meta":{"footnotes":""},"categories":[2814],"tags":[17,1111,11,1764,1446,1762,1777,674,274,1011,27,884,12,16992,882,20378,25],"class_list":{"0":"post-92098","1":"post","2":"type-post","3":"status-publish","4":"format-standard","5":"has-post-thumbnail","7":"category-marseille","8":"tag-17","9":"tag-actu","10":"tag-actualites","11":"tag-ans","12":"tag-dans","13":"tag-decede","14":"tag-eu","15":"tag-europe","16":"tag-faits-divers-justice","17":"tag-fr","18":"tag-france","19":"tag-marseille","20":"tag-news","21":"tag-plongeur","22":"tag-provence-alpes-cote-dazur","23":"tag-rade","24":"tag-republique-francaise"},"share_on_mastodon":{"url":"https:\/\/pubeurope.com\/@fr\/114489958330020548","error":""},"_links":{"self":[{"href":"https:\/\/www.europesays.com\/fr\/wp-json\/wp\/v2\/posts\/92098","targetHints":{"allow":["GET"]}}],"collection":[{"href":"https:\/\/www.europesays.com\/fr\/wp-json\/wp\/v2\/posts"}],"about":[{"href":"https:\/\/www.europesays.com\/fr\/wp-json\/wp\/v2\/types\/post"}],"author":[{"embeddable":true,"href":"https:\/\/www.europesays.com\/fr\/wp-json\/wp\/v2\/users\/2"}],"replies":[{"embeddable":true,"href":"https:\/\/www.europesays.com\/fr\/wp-json\/wp\/v2\/comments?post=92098"}],"version-history":[{"count":0,"href":"https:\/\/www.europesays.com\/fr\/wp-json\/wp\/v2\/posts\/92098\/revisions"}],"wp:featuredmedia":[{"embeddable":true,"href":"https:\/\/www.europesays.com\/fr\/wp-json\/wp\/v2\/media\/92099"}],"wp:attachment":[{"href":"https:\/\/www.europesays.com\/fr\/wp-json\/wp\/v2\/media?parent=92098"}],"wp:term":[{"taxonomy":"category","embeddable":true,"href":"https:\/\/www.europesays.com\/fr\/wp-json\/wp\/v2\/categories?post=92098"},{"taxonomy":"post_tag","embeddable":true,"href":"https:\/\/www.europesays.com\/fr\/wp-json\/wp\/v2\/tags?post=92098"}],"curies":[{"name":"wp","href":"https:\/\/api.w.org\/{rel}","templated":true}]}}