{"id":92106,"date":"2025-05-11T15:45:07","date_gmt":"2025-05-11T15:45:07","guid":{"rendered":"https:\/\/www.europesays.com\/fr\/92106\/"},"modified":"2025-05-11T15:45:07","modified_gmt":"2025-05-11T15:45:07","slug":"ratp-et-sncf-les-perturbations-attendues-dans-les-transports-a-paris-et-en-ile-de-france-cette-semaine-5","status":"publish","type":"post","link":"https:\/\/www.europesays.com\/fr\/92106\/","title":{"rendered":"RATP et SNCF. Les perturbations attendues dans les transports \u00e0 Paris et en \u00cele-de-France cette semaine"},"content":{"rendered":"<p>            Par<br \/>\n        <strong><br \/>\n            <a href=\"https:\/\/actu.fr\/auteur\/antoine-grotteria02\" title=\"Consulter tous les articles de Antoine Grotteria\" rel=\"nofollow noopener\" target=\"_blank\">Antoine Grotteria<\/a><br \/>\n        <\/strong><\/p>\n<p>        Publi\u00e9 le<\/p>\n<p>            11 mai 2025 \u00e0 17h06        <\/p>\n<p>Les d\u00e9placements seront plus ais\u00e9s. Cette semaine du lundi 12 au dimanche 18 mai 2025, les <strong>transports<\/strong> de <a href=\"https:\/\/actu.fr\/paris\/\" rel=\"nofollow noopener\" target=\"_blank\">Paris<\/a> et d\u2019<a href=\"https:\/\/actu.fr\/ile-de-france\/\" rel=\"nofollow noopener\" target=\"_blank\">\u00cele-de-France<\/a> devraient circuler avec plus de facilit\u00e9 au regard de la semaine en cours. <strong>M\u00e9tro, RER, Transilien<\/strong>\u2026 Actu Paris a identifi\u00e9 les lignes de la <a href=\"https:\/\/actu.fr\/tag\/ratp\" rel=\"nofollow noopener\" target=\"_blank\">RATP<\/a> et de la <a href=\"https:\/\/actu.fr\/tag\/sncf\" rel=\"nofollow noopener\" target=\"_blank\">SCNF<\/a> concern\u00e9es par des perturbations.\u00a0<\/p>\n<p>M\u00e9tro<\/p>\n<ul class=\" wall-content\">\n<li><strong>Ligne 6<\/strong> : le dimanche 18 mai, le trafic sera interrompu entre Daumesnil et Nation en raison de travaux de modernisation. Bus mis en place.\u00a0<\/li>\n<li><strong>Ligne 14<\/strong> : le mercredi 14 mai, \u00e0 partir de 22 heures, le trafic sera interrompu sur l\u2019ensemble de la ligne en raison de travaux. Bus mis en place entre Gare de Lyon et Olympiades.\u00a0<\/li>\n<\/ul>\n<p>RER<\/p>\n<ul class=\" wall-content\">\n<li><strong>RER A<\/strong> : du lundi 12 au vendredi 16 mai, \u00e0 partir de 22h15, le trafic est interrompu entre Maisons-Laffitte et Poissy, en raison de travaux. Bus mis en place. Aux m\u00eames dates, \u00e0 partir de 22 heures, le trafic sera interrompu entre Maisons-Laffitte et Cergy \u2013 Le Haut en raison de travaux. Bus en place \u00e0 Sartrouville.\u00a0<\/li>\n<li><strong>RER B<\/strong> : du lundi 12 au vendredi 16 mai, \u00e0 partir de 22h45, le trafic est interrompu entre Gare du Nord et A\u00e9roport Charles de Gaulle 2\u2013TGV via Mitry\u2013Claye en raison de travaux d\u2019entretien. Bus en place.\u00a0<\/li>\n<li><strong>RER C<\/strong> : dimanche 18 mai, \u00e0 partir de 23h45, le trafic est interrompu entre Dourdan et Paris Austerlitz. Le trafic est interrompu entre Saint-Martin d\u2019Etampes et Paris Austerlitz. Un service de bus de remplacement est mis en place, avec desserte des gares interm\u00e9diaires. Du lundi 12 au mercredi 14 mai, le trafic est interrompu entre Avenue Henri Martin et Montigny-Beauchamp \u00e0 partir de 23 heures en raison de travaux. Bus mis en place. Aux m\u00eames dates, \u00e0 partir de 23h30, le trafic est interrompu entre Versailles Ch\u00e2teau Rive Gauche et Javel en raison de travaux. Aux m\u00eames dates, \u00e0 partir de 23h30, le trafic est interrompu entre Dourdan et Paris Austerlitz. Bus en place. Samedi 17 et dimanche 18 mai, le trafic est interrompu entre Paris Austerlitz et Juvisy via Choisy le Roi \u00e0 partir de 23h45. Le samedi, \u00e0 partir de 23h45, le trafic est interrompu entre Dourdan et Paris Austerlitz. Bus en place. Le samedi 17 et dimanche 18 mai, le trafic est interrompu de Versailles Ch\u00e2teau Rive Gauche \u00e0 Invalides \u00e0 partir de 23h50 en raison de travaux. Bus en place. M\u00eame chose toutes les journ\u00e9es du samedi et dimanche aux gares de Villeneuve-le-Roi, Ablon et Athis Mons.\u00a0<\/li>\n<li><strong>RER D<\/strong> : du lundi 12 au vendredi 16 mai, \u00e0 partir de 23h20, le trafic est interrompu entre Gare du Nord et Creil en raison de travaux. Bus de remplacement. Du lundi 12 au vendredi 16 mai, les trains ne marquent pas l\u2019arr\u00eat \u00e0 Maisons-Alfort, Vert de Maisons, Cr\u00e9teil Pompadour et Villeneuve-Triage en raison de travaux \u00e0 partir de 22h30.\u00a0<\/li>\n<li><strong>RER E<\/strong> : du lundi 12 au vendredi 16 mai, le trafic est interrompu entre Nanterre-La-Folie et Villiers-sur-Marne \u2013 Le Plessis-Tr\u00e9vise et entre Nanterre-la-Folie et Tournan \u00e0 partir de 22h25. Le samedi 17 et dimanche 18 mai, le trafic est interrompu entre Nanterre-la-Folie et Chelles Gournay \u00e0 partir de 22h45 en raison de travaux.\u00a0<\/li>\n<\/ul>\n<p>Transilien<\/p>\n<ul class=\" wall-content\">\n<li><strong>Ligne H<\/strong> : du lundi 12 au vendredi 16 mai, le trafic est interrompu entre Paris Gare du Nord et Persan \u2013 Beaumont via Montsoult \u2013 Maffliers en soir\u00e9e en raison de travaux. M\u00eame chose entre Paris Gare du Nord et Luzarches et entre Paris Nord et Pontoise. Les samedi 17 et dimanche 18 mai, le trafic est interrompu entre Paris Gare du Nord et Ermont Eaubonne entre 22h50 et 8h50 et entre Paris Gare du Nord et Sarcelles \u2013 Saint-Brice en raison de travaux.\u00a0<\/li>\n<li><strong>Ligne K<\/strong> : le samedi 17 et dimanche 18 mai, le trafic est interrompu entre Paris Gare du Nord et Aulnay-sous-Bois en raison de travaux.\u00a0<\/li>\n<li><strong>Ligne L<\/strong> : du lundi 12 au vendredi 16 mai, le trafic est interrompu \u00e0 partir de 22 heures entre B\u00e9con les Bruy\u00e8res et Nanterre Universit\u00e9 \/ Maisons-Laffitte en raison de travaux. Bus en place. Les samedi 17 et dimanche 18 mai, Les trains missions Paris Saint-Lazare et Nanterre Universit\u00e9 et Paris Saint-Lazare et Maisons-Laffitte sont supprim\u00e9s.\u00a0<\/li>\n<li><strong>Ligne N<\/strong> : les samedi 17 et dimanche 18 mai jusqu\u2019\u00e0 16 heures, le trafic est interrompu entre Paris Montparnasse et Versailles Chantiers en raison de travaux. Du lundi 12 au vendredi 16 mai, \u00e0 partir de 23 heures, le trafic est interrompu entre Paris Montparnasse et Plaisir \u2013 Grignon en raison de travaux. Bus en place. Aux m\u00eames dates, \u00e0 partir de 21h30, \u00a0le trafic est interrompu de Paris Montparnasse vers Mantes-la-Jolie en raison de travaux. Aux m\u00eames dates, le trafic est interrompu entre Paris Montparnasse et Dreux \u00e0 partir de 21 heures.\u00a0<\/li>\n<li><strong>Ligne P<\/strong> : les samedi 17 et dimanche 18 mai, \u00e0 partir de 23 heures, le trafic est interrompu entre Paris Est et Ch\u00e2teau-Thierry en raison de travaux. Du lundi 12 au vendredi 16 mai, le trafic est interrompu entre Paris Est et Meaux \u00e0 partir de 22h20 en raison de travaux. Aux m\u00eames dates, \u00e0 partir de 22h15, le trafic est interrompu entre Paris Est et Coulommiers et entre Paris Est et Ch\u00e2teau-Thierry \u00e0 partir de 22 heures. Bus en place.\u00a0<\/li>\n<li><strong>Ligne R<\/strong> : du lundi 12 au vendredi 16 mai \u00e0 partir de 22h44, le trafic est interrompu entre Melun et Montereau via Moret \u2013 Veneux-les-Sablons, et entre Melun et Montargis en raison de travaux. Bus en place. Du lundi 12 au vendredi 16 mai, le trafic est interrompu entre Melun et Montargis et entre Melun et Montereau d\u00e8s 23h45.\u00a0<\/li>\n<li><strong>Ligne U<\/strong> : du lundi 12 au vendredi 16 mai, le trafic est interrompu entre La Verri\u00e8re et La D\u00e9fense \u00e0 partir de 22 heures.\u00a0<\/li>\n<\/ul>\n<p>Tramway<\/p>\n<ul class=\" wall-content\">\n<li><strong>T2<\/strong> : jusqu\u2019au\u00a02 novembre\u00a02025,\u00a0le trafic est interrompu\u00a0entre\u00a0Porte de Versailles\u00a0et\u00a0Suzanne Lenglen\u00a0en raison d\u2019importants travaux de modernisation<\/li>\n<li><strong>T4<\/strong> : du lundi 12 au vendredi 16 mai, le trafic est interrompu sur toute la ligne d\u00e8s 21h15.\u00a0<\/li>\n<\/ul>\n<p>Vid\u00e9os : en ce moment sur Actu<\/p>\n<p class=\" wall-content\">Suivez toute l\u2019actualit\u00e9 de vos villes et m\u00e9dias favoris en vous inscrivant \u00e0 <a href=\"https:\/\/moncompte.actu.fr\" title=\"D\u00e9couvez Mon Actu\" rel=\"nofollow noopener\" data-trk=\"{&quot;cta&quot;:{&quot;action&quot;:&quot;https:\\\/\\\/moncompte.actu.fr&quot;,&quot;category&quot;:&quot;mon compte&quot;,&quot;from&quot;:&quot;article footer&quot;,&quot;name&quot;:&quot;Mon actu&quot;,&quot;type&quot;:&quot;cta&quot;}}\" target=\"_blank\">Mon Actu<\/a>.<\/p>\n","protected":false},"excerpt":{"rendered":"Par Antoine Grotteria Publi\u00e9 le 11 mai 2025 \u00e0 17h06 Les d\u00e9placements seront plus ais\u00e9s. Cette semaine du&hellip;\n","protected":false},"author":2,"featured_media":92107,"comment_status":"","ping_status":"","sticky":false,"template":"","format":"standard","meta":{"footnotes":""},"categories":[1592],"tags":[1111,11,1777,674,1011,27,662,12,626,625,25,2215,104,2803],"class_list":{"0":"post-92106","1":"post","2":"type-post","3":"status-publish","4":"format-standard","5":"has-post-thumbnail","7":"category-ile-de-france","8":"tag-actu","9":"tag-actualites","10":"tag-eu","11":"tag-europe","12":"tag-fr","13":"tag-france","14":"tag-ile-de-france","15":"tag-news","16":"tag-paris","17":"tag-ratp","18":"tag-republique-francaise","19":"tag-sncf","20":"tag-societe","21":"tag-transport"},"share_on_mastodon":{"url":"https:\/\/pubeurope.com\/@fr\/114489977988012438","error":""},"_links":{"self":[{"href":"https:\/\/www.europesays.com\/fr\/wp-json\/wp\/v2\/posts\/92106","targetHints":{"allow":["GET"]}}],"collection":[{"href":"https:\/\/www.europesays.com\/fr\/wp-json\/wp\/v2\/posts"}],"about":[{"href":"https:\/\/www.europesays.com\/fr\/wp-json\/wp\/v2\/types\/post"}],"author":[{"embeddable":true,"href":"https:\/\/www.europesays.com\/fr\/wp-json\/wp\/v2\/users\/2"}],"replies":[{"embeddable":true,"href":"https:\/\/www.europesays.com\/fr\/wp-json\/wp\/v2\/comments?post=92106"}],"version-history":[{"count":0,"href":"https:\/\/www.europesays.com\/fr\/wp-json\/wp\/v2\/posts\/92106\/revisions"}],"wp:featuredmedia":[{"embeddable":true,"href":"https:\/\/www.europesays.com\/fr\/wp-json\/wp\/v2\/media\/92107"}],"wp:attachment":[{"href":"https:\/\/www.europesays.com\/fr\/wp-json\/wp\/v2\/media?parent=92106"}],"wp:term":[{"taxonomy":"category","embeddable":true,"href":"https:\/\/www.europesays.com\/fr\/wp-json\/wp\/v2\/categories?post=92106"},{"taxonomy":"post_tag","embeddable":true,"href":"https:\/\/www.europesays.com\/fr\/wp-json\/wp\/v2\/tags?post=92106"}],"curies":[{"name":"wp","href":"https:\/\/api.w.org\/{rel}","templated":true}]}}