{"id":92108,"date":"2025-05-11T15:46:19","date_gmt":"2025-05-11T15:46:19","guid":{"rendered":"https:\/\/www.europesays.com\/fr\/92108\/"},"modified":"2025-05-11T15:46:19","modified_gmt":"2025-05-11T15:46:19","slug":"cette-rue-du-17e-arrondissement-de-paris-a-abrite-la-construction-de-la-plus-celebre-statue-du-monde","status":"publish","type":"post","link":"https:\/\/www.europesays.com\/fr\/92108\/","title":{"rendered":"Cette rue du 17e arrondissement de Paris a abrit\u00e9 la construction de la plus c\u00e9l\u00e8bre statue du monde"},"content":{"rendered":"<p>            Par<br \/>\n        <strong><br \/>\n            <a href=\"https:\/\/actu.fr\/auteur\/thomas-martin\" title=\"Consulter tous les articles de Thomas Martin\" rel=\"nofollow noopener\" target=\"_blank\">Thomas Martin<\/a><br \/>\n        <\/strong><\/p>\n<p>        Publi\u00e9 le<\/p>\n<p>            11 mai 2025 \u00e0 7h34        <\/p>\n<p>Elle porte le nom d\u2019un baron d\u2019Empire, pr\u00e9fet et directeur des postes. Pourtant, c\u2019est pour une toute autre raison que la <strong>rue de Chazelles<\/strong>, dans le 17e arrondissement de Paris, tout pr\u00e8s du <a href=\"https:\/\/actu.fr\/tag\/parc-monceau\" rel=\"nofollow noopener\" target=\"_blank\">parc Monceau<\/a>, a marqu\u00e9 l\u2019<a href=\"https:\/\/actu.fr\/tag\/histoire\" rel=\"nofollow noopener\" target=\"_blank\">Histoire<\/a>. C\u2019est en fait ici que fut r\u00e9alis\u00e9e, en 1878, la <a href=\"https:\/\/actu.fr\/monde\/elle-sera-tres-bien-chez-nous-la-statue-de-la-liberte-peut-elle-vraiment-re-venir-en-france_62386436.html\" rel=\"nofollow noopener\" target=\"_blank\">statue de la Libert\u00e9<\/a> aujourd\u2019hui \u00e0 New York.\u00a0<\/p>\n<p>La colonne Vend\u00f4me et la statue de la Libert\u00e9<\/p>\n<p class=\" wall-content\">Au num\u00e9ro 25 de la rue de Chazelles, on se trouvaient les ateliers Monduit-Gaget-Gauthier, destin\u00e9s, entre autres, \u00e0 la r\u00e9alisation et la restauration d\u2019ornements en fonte, fer et plomb.\u00a0<\/p>\n<p class=\" wall-content\">\u00a0En 1873, l\u2019entreprise r\u00e9alise avec les ateliers Charnod de l\u2019avenue du Commandeur la restauration de la colonne Vend\u00f4me, d\u00e9truite lors de la Commune de Paris deux ans plus t\u00f4t.<\/p>\n<p class=\" wall-content\">Elle est aussi charg\u00e9e d\u00e8s 1875 du martellement des 300 feuilles de cuivre de la statue monumentale La Libert\u00e9 \u00e9clairant le monde d\u2019Auguste Bartholdi, ainsi que de leur assemblage r\u00e9alis\u00e9 en grande partie dans les ateliers de la rue de Chazelles avant d\u2019\u00eatre achev\u00e9 en juin 1884 sur un terrain attenant.\u00a0<\/p>\n<p class=\" wall-content\">La statue ainsi mont\u00e9e pour la premi\u00e8re fois re\u00e7ut alors plusieurs visiteurs de marque tels que le pr\u00e9sident de la R\u00e9publique Jules Gr\u00e9vy et l\u2019\u00e9crivain Victor Hugo. Le 4 juillet 1884, jour de la f\u00eate nationale am\u00e9ricaine, eut lieu la c\u00e9r\u00e9monie du don. A cette occasion, la fanfare des Batignolles entonne les hymnes am\u00e9ricain et fran\u00e7ais. Le d\u00e9montage, lui, commen\u00e7a en f\u00e9vrier 1885 avant le grand voyage pour les Etats-Unis.\u00a0<\/p>\n<p>Vid\u00e9os : en ce moment sur Actu<\/p>\n<p class=\" wall-content\">Aujourd\u2019hui, <a href=\"https:\/\/actu.fr\/ile-de-france\/paris_75056\/election-americaine-a-paris-ou-se-cachent-les-statues-de-la-liberte_37331825.html\" rel=\"nofollow noopener\" target=\"_blank\">six statues de la Libert\u00e9<\/a> sont plac\u00e9es dans divers endroits de Paris.<\/p>\n<p class=\" wall-content\">Quant \u00e0 la rue de Chazelles, elle ne vaut pas particuli\u00e8rement le d\u00e9tour. Un immeuble est aujourd\u2019hui construit en lieu et place des ateliers. Seul un panneau de la ville de Paris rappelle succinctement ces moments historiques.\u00a0<\/p>\n<p class=\" wall-content\">Suivez toute l\u2019actualit\u00e9 de vos villes et m\u00e9dias favoris en vous inscrivant \u00e0 <a href=\"https:\/\/moncompte.actu.fr\" title=\"D\u00e9couvez Mon Actu\" rel=\"nofollow noopener\" data-trk=\"{&quot;cta&quot;:{&quot;action&quot;:&quot;https:\\\/\\\/moncompte.actu.fr&quot;,&quot;category&quot;:&quot;mon compte&quot;,&quot;from&quot;:&quot;article footer&quot;,&quot;name&quot;:&quot;Mon actu&quot;,&quot;type&quot;:&quot;cta&quot;}}\" target=\"_blank\">Mon Actu<\/a>.<\/p>\n","protected":false},"excerpt":{"rendered":"Par Thomas Martin Publi\u00e9 le 11 mai 2025 \u00e0 7h34 Elle porte le nom d\u2019un baron d\u2019Empire, pr\u00e9fet&hellip;\n","protected":false},"author":2,"featured_media":92109,"comment_status":"","ping_status":"","sticky":false,"template":"","format":"standard","meta":{"footnotes":""},"categories":[1888],"tags":[1111,1928,11,1927,1777,674,1011,27,937,1652,12,1926,626,1925,2551,25],"class_list":{"0":"post-92108","1":"post","2":"type-post","3":"status-publish","4":"format-standard","5":"has-post-thumbnail","7":"category-paris","8":"tag-actu","9":"tag-actu-paris","10":"tag-actualites","11":"tag-actualites-paris","12":"tag-eu","13":"tag-europe","14":"tag-fr","15":"tag-france","16":"tag-histoire","17":"tag-loisirs-culture","18":"tag-news","19":"tag-news-paris","20":"tag-paris","21":"tag-paris-news","22":"tag-patrimoine","23":"tag-republique-francaise"},"share_on_mastodon":{"url":"https:\/\/pubeurope.com\/@fr\/114489981945630879","error":""},"_links":{"self":[{"href":"https:\/\/www.europesays.com\/fr\/wp-json\/wp\/v2\/posts\/92108","targetHints":{"allow":["GET"]}}],"collection":[{"href":"https:\/\/www.europesays.com\/fr\/wp-json\/wp\/v2\/posts"}],"about":[{"href":"https:\/\/www.europesays.com\/fr\/wp-json\/wp\/v2\/types\/post"}],"author":[{"embeddable":true,"href":"https:\/\/www.europesays.com\/fr\/wp-json\/wp\/v2\/users\/2"}],"replies":[{"embeddable":true,"href":"https:\/\/www.europesays.com\/fr\/wp-json\/wp\/v2\/comments?post=92108"}],"version-history":[{"count":0,"href":"https:\/\/www.europesays.com\/fr\/wp-json\/wp\/v2\/posts\/92108\/revisions"}],"wp:featuredmedia":[{"embeddable":true,"href":"https:\/\/www.europesays.com\/fr\/wp-json\/wp\/v2\/media\/92109"}],"wp:attachment":[{"href":"https:\/\/www.europesays.com\/fr\/wp-json\/wp\/v2\/media?parent=92108"}],"wp:term":[{"taxonomy":"category","embeddable":true,"href":"https:\/\/www.europesays.com\/fr\/wp-json\/wp\/v2\/categories?post=92108"},{"taxonomy":"post_tag","embeddable":true,"href":"https:\/\/www.europesays.com\/fr\/wp-json\/wp\/v2\/tags?post=92108"}],"curies":[{"name":"wp","href":"https:\/\/api.w.org\/{rel}","templated":true}]}}