{"id":921115,"date":"2026-05-09T07:14:48","date_gmt":"2026-05-09T07:14:48","guid":{"rendered":"https:\/\/www.europesays.com\/fr\/921115\/"},"modified":"2026-05-09T07:14:48","modified_gmt":"2026-05-09T07:14:48","slug":"basse-goulaine-lecole-de-musique-en-concert-dimanche-10-mai-salle-paul-bouin","status":"publish","type":"post","link":"https:\/\/www.europesays.com\/fr\/921115\/","title":{"rendered":"Basse-Goulaine. L\u2019\u00e9cole de musique en concert dimanche 10\u00a0mai salle Paul-Bouin"},"content":{"rendered":"<p>Les \u00e9l\u00e8ves de l\u2019\u00e9cole de musique se produiront en concert le 10\u00a0mai \u00e0 11\u00a0h\u00a030 salle Paul-Bouin.<\/p>\n<p>Au programme, \u00ab\u00a0l\u2019orchestre guitares et Co\u00a0\u00bb avec guitares, violons, harpe et l\u2019orchestre de Saint-Laurent-des-Hommes pour interpr\u00e9ter diverses \u0153uvres arrang\u00e9es par Dan Jones.<\/p>\n<p>De nombreux choristes se joindront \u00e0 cet orchestre pour offrir au public un voyage sonore in\u00e9dit.<\/p>\n<p>Sous la direction de chefs passionn\u00e9s, ces ensembles compl\u00e9mentaires exploreront un r\u00e9pertoire de musiques de vari\u00e9t\u00e9s. Amateurs et curieux de musique, un concert \u00e0 ne pas manquer pour un moment de convivialit\u00e9 et d\u2019\u00e9motion.<\/p>\n<p>L\u2019Orchestre Saint-Laurent-des-Hommes<\/p>\n<p>C\u2019est un orchestre de Dordogne apr\u00e8s un partenariat avec l\u2019\u00e9cole de musique de Basse-Goulaine. Ils seront une quarantaine\u00a0avec choristes et musiciens.<\/p>\n<p>L\u2019\u00e9cole de musique de Basse-Goulaine compte 300\u00a0\u00e9l\u00e8ves et 13\u00a0professeurs.<\/p>\n<p>Le concert a lieu \u00e0 11\u00a0h\u00a030 \u00e0 la salle Paul Bouin. Il est gratuit.<\/p>\n<p>\u00a0<\/p>\n","protected":false},"excerpt":{"rendered":"Les \u00e9l\u00e8ves de l\u2019\u00e9cole de musique se produiront en concert le 10\u00a0mai \u00e0 11\u00a0h\u00a030 salle Paul-Bouin. Au programme,&hellip;\n","protected":false},"author":2,"featured_media":921116,"comment_status":"","ping_status":"","sticky":false,"template":"","format":"standard","meta":{"footnotes":"","_share_on_mastodon":"0"},"categories":[2818],"tags":[5481,1111,11,3266,1697,6664,1122,1777,674,1011,27,2565,873,766,12,3271,2636,25,8878],"class_list":["post-921115","post","type-post","status-publish","format-standard","has-post-thumbnail","category-nantes","tag-5481","tag-actu","tag-actualites","tag-basse-goulaine","tag-concert","tag-dimanche","tag-ecole","tag-eu","tag-europe","tag-fr","tag-france","tag-mai","tag-musique","tag-nantes","tag-news","tag-paul-bouin","tag-pays-de-la-loire","tag-republique-francaise","tag-salle"],"share_on_mastodon":{"url":"https:\/\/pubeurope.com\/@fr\/116543391393740743","error":""},"_links":{"self":[{"href":"https:\/\/www.europesays.com\/fr\/wp-json\/wp\/v2\/posts\/921115","targetHints":{"allow":["GET"]}}],"collection":[{"href":"https:\/\/www.europesays.com\/fr\/wp-json\/wp\/v2\/posts"}],"about":[{"href":"https:\/\/www.europesays.com\/fr\/wp-json\/wp\/v2\/types\/post"}],"author":[{"embeddable":true,"href":"https:\/\/www.europesays.com\/fr\/wp-json\/wp\/v2\/users\/2"}],"replies":[{"embeddable":true,"href":"https:\/\/www.europesays.com\/fr\/wp-json\/wp\/v2\/comments?post=921115"}],"version-history":[{"count":0,"href":"https:\/\/www.europesays.com\/fr\/wp-json\/wp\/v2\/posts\/921115\/revisions"}],"wp:featuredmedia":[{"embeddable":true,"href":"https:\/\/www.europesays.com\/fr\/wp-json\/wp\/v2\/media\/921116"}],"wp:attachment":[{"href":"https:\/\/www.europesays.com\/fr\/wp-json\/wp\/v2\/media?parent=921115"}],"wp:term":[{"taxonomy":"category","embeddable":true,"href":"https:\/\/www.europesays.com\/fr\/wp-json\/wp\/v2\/categories?post=921115"},{"taxonomy":"post_tag","embeddable":true,"href":"https:\/\/www.europesays.com\/fr\/wp-json\/wp\/v2\/tags?post=921115"}],"curies":[{"name":"wp","href":"https:\/\/api.w.org\/{rel}","templated":true}]}}