{"id":92112,"date":"2025-05-11T15:48:12","date_gmt":"2025-05-11T15:48:12","guid":{"rendered":"https:\/\/www.europesays.com\/fr\/92112\/"},"modified":"2025-05-11T15:48:12","modified_gmt":"2025-05-11T15:48:12","slug":"paris-des-escaliers-aux-couleurs-arc-en-ciel-repeints-en-blanc-durant-la-nuit-un-acte-homophobe","status":"publish","type":"post","link":"https:\/\/www.europesays.com\/fr\/92112\/","title":{"rendered":"Paris\u00a0: des escaliers aux couleurs arc-en-ciel repeints en blanc durant la nuit, \u00ab\u00a0un acte homophobe\u00a0\u00bb"},"content":{"rendered":"<p class=\"paragraph text_align_left\">Dans un quartier parfois v\u00e9tuste ou d\u00e9grad\u00e9, un escalier fra\u00eechement repeint est g\u00e9n\u00e9ralement accueilli avec plaisir par les riverains. Mais pas cette fois. Ce vendredi, les habitants du<a href=\"https:\/\/www.leparisien.fr\/paris-75\/paris-75010\/\" target=\"_blank\" rel=\"nofollow noopener\"> Xe arrondissement<\/a> de Paris ont d\u00e9couvert que les marches arc-en-ciel menant \u00e0 l\u2019avenue de Verdun avaient \u00e9t\u00e9 recouvertes de blanc.<\/p>\n<p class=\"paragraph text_align_left\">\u00ab Lorsqu\u2019on avait d\u00e9cid\u00e9 de les colorer cet hiver pour enjoliver ce coin qui \u00e9tait un peu sale et triste jusque-l\u00e0, il n\u2019y avait pas de r\u00e9elle volont\u00e9 militante m\u00eame si cela montrait que notre quartier \u00e9tait gay-friendly, relate <a href=\"https:\/\/www.leparisien.fr\/paris-75\/paris-75010\/paris-alexandra-cordebard-nouvelle-maire-du-xe-18-10-2017-7341195.php\" target=\"_blank\" rel=\"nofollow noopener\">Alexandra Cordebard<\/a>, la maire socialiste du Xe. Car de toute fa\u00e7on ces escaliers avaient vocation \u00e0 \u00eatre modifi\u00e9s ou repris lorsque les travaux de l\u2019avenue de Verdun seront termin\u00e9s \u00e0 l\u2019automne prochain. \u00bb<\/p>\n<p>\u00ab Il ne faut pas laisser passer \u00e7a \u00bb<\/p>\n<p class=\"paragraph text_align_left\">Mais l\u2019\u00e9tonnement a laiss\u00e9 place \u00e0 la col\u00e8re dans l\u2019esprit de l\u2019\u00e9dile. \u00ab Je suis outr\u00e9e, c\u2019est un acte homophobe, clairement, des gens ont d\u00e9lib\u00e9r\u00e9ment entrepris de recouvrir ce symbole de <a href=\"https:\/\/www.leparisien.fr\/paris-75\/homophobie-transphobie-a-paris-les-bars-lgbt-friendly-pourraient-etre-identifies-par-un-autocollant-22-05-2024-PHZ3ECI3HZCHRDS6QPS47F2VCE.php\" target=\"_blank\" rel=\"nofollow noopener\">diversit\u00e9 LGBT<\/a> \u00bb, avance la maire PS qui annonce qu\u2019elle va d\u00e9poser plainte d\u00e8s ce lundi : \u00ab Il ne faut pas laisser passer \u00e7a. \u00bb Selon les premiers t\u00e9moignages de voisins, ce sont plusieurs jeunes, vraisemblablement \u00e2g\u00e9s de moins de 16 ans, qui auraient effectu\u00e9 ces d\u00e9gradations.<\/p>\n<p class=\"paragraph text_align_left\">\u00ab On va essayer de pr\u00e9voir des interventions dans les coll\u00e8ges avoisinants, pour tenter de faire passer des messages et faire reculer l\u2019homophobie \u00bb, reprend Alexandra Cordebard. Dans la semaine, la municipalit\u00e9 devrait \u00e9galement repeindre \u00e0 nouveau ces marches aux couleurs de l\u2019arc-en-ciel.<\/p>\n","protected":false},"excerpt":{"rendered":"Dans un quartier parfois v\u00e9tuste ou d\u00e9grad\u00e9, un escalier fra\u00eechement repeint est g\u00e9n\u00e9ralement accueilli avec plaisir par les&hellip;\n","protected":false},"author":2,"featured_media":92113,"comment_status":"","ping_status":"","sticky":false,"template":"","format":"standard","meta":{"footnotes":""},"categories":[1888],"tags":[11,1777,674,1011,27,1944,12,626,25],"class_list":{"0":"post-92112","1":"post","2":"type-post","3":"status-publish","4":"format-standard","5":"has-post-thumbnail","7":"category-paris","8":"tag-actualites","9":"tag-eu","10":"tag-europe","11":"tag-fr","12":"tag-france","13":"tag-ma-ville","14":"tag-news","15":"tag-paris","16":"tag-republique-francaise"},"share_on_mastodon":{"url":"https:\/\/pubeurope.com\/@fr\/114489989818344217","error":""},"_links":{"self":[{"href":"https:\/\/www.europesays.com\/fr\/wp-json\/wp\/v2\/posts\/92112","targetHints":{"allow":["GET"]}}],"collection":[{"href":"https:\/\/www.europesays.com\/fr\/wp-json\/wp\/v2\/posts"}],"about":[{"href":"https:\/\/www.europesays.com\/fr\/wp-json\/wp\/v2\/types\/post"}],"author":[{"embeddable":true,"href":"https:\/\/www.europesays.com\/fr\/wp-json\/wp\/v2\/users\/2"}],"replies":[{"embeddable":true,"href":"https:\/\/www.europesays.com\/fr\/wp-json\/wp\/v2\/comments?post=92112"}],"version-history":[{"count":0,"href":"https:\/\/www.europesays.com\/fr\/wp-json\/wp\/v2\/posts\/92112\/revisions"}],"wp:featuredmedia":[{"embeddable":true,"href":"https:\/\/www.europesays.com\/fr\/wp-json\/wp\/v2\/media\/92113"}],"wp:attachment":[{"href":"https:\/\/www.europesays.com\/fr\/wp-json\/wp\/v2\/media?parent=92112"}],"wp:term":[{"taxonomy":"category","embeddable":true,"href":"https:\/\/www.europesays.com\/fr\/wp-json\/wp\/v2\/categories?post=92112"},{"taxonomy":"post_tag","embeddable":true,"href":"https:\/\/www.europesays.com\/fr\/wp-json\/wp\/v2\/tags?post=92112"}],"curies":[{"name":"wp","href":"https:\/\/api.w.org\/{rel}","templated":true}]}}