{"id":92117,"date":"2025-05-11T15:51:11","date_gmt":"2025-05-11T15:51:11","guid":{"rendered":"https:\/\/www.europesays.com\/fr\/92117\/"},"modified":"2025-05-11T15:51:11","modified_gmt":"2025-05-11T15:51:11","slug":"selon-recep-tayyip-erdogan-un-tournant-historique-a-ete-atteint-pour-mettre-fin-a-la-guerre-en-ukraine","status":"publish","type":"post","link":"https:\/\/www.europesays.com\/fr\/92117\/","title":{"rendered":"Selon Recep Tayyip Erdogan, un \u201ctournant historique\u201d a \u00e9t\u00e9 atteint pour mettre fin \u00e0 la guerre en Ukraine"},"content":{"rendered":"<p class=\"latino-300b text-grey-800\">\n<p>  Par\u00a0<br \/>\nLe Nouvel Obs avec AFP          <\/p>\n<p class=\"latino-300r text-grey-600\">\n      Publi\u00e9 le<\/p>\n<p>    11 mai 2025 \u00e0 13h10<\/p>\n<p>      <img fetchpriority=\"high\" decoding=\"async\" class=\"mx-auto\" src=\"data:image\/svg+xml,%3Csvg%20xmlns%3D%27http%3A%2F%2Fwww.w3.org%2F2000%2Fsvg%27%20fill%3D%22%23e4e4e4%22%20viewBox%3D%270%200%20510%20340%27%20width%3D%22510%22%20height%3D%22340%22%3E%3Cpath%20d%3D%27M0%200h510v340H0z%27%2F%3E%3C%2Fsvg%3E\"  loading=\"eager\" width=\"510\" height=\"340\" data-oncrawl-image-size=\"510x340\" alt=\"Le pr\u00e9sident turc Recep Tayyip Erdogan  le 3\u00a0mai 2024\u00a0\u00e0 Istanbul.\"\/>      <\/p>\n<p class=\"latino-100m text-grey-600\">\n            Le pr\u00e9sident turc Recep Tayyip Erdogan  le 3\u00a0mai 2024\u00a0\u00e0 Istanbul.\u00a0KHALIL HAMRA\/AP\/SIPA         <\/p>\n<p>    Lire\u00a0plus\u00a0tard  <\/p>\n<p><a aria-label=\"Nous suivre sur Google News\" href=\"https:\/\/news.google.com\/publications\/CAAqBwgKMJe4nQkw3dFs?hl=fr&amp;gl=FR&amp;ceid=FR%3Afr\" target=\"_blank\" data-piano=\"Page_Article,Sous_date_publi,Nous_suivre_sur_google_news,1er_clic,action\" class=\"btn btn--small btn--secondary\" rel=\"noopener\"><\/p>\n<p>      Google Actualit\u00e9s<br \/>\n  <\/a><\/p>\n<p>  Partager<\/p>\n<p>        Facebook<\/p>\n<p>        Bluesky<\/p>\n<p>        E-mail<\/p>\n<p>        Copier le lien<\/p>\n<p>      Envoyer<\/p>\n<p>    Temps de lecture\u00a0:\u00a01\u00a0min.<\/p>\n<p class=\"node__paragraphe antonia-750r text-grey-800 pb-20 pb-md-30\">\nLe pr\u00e9sident turc Recep Tayyip Erdogan  estime qu\u2019un \u00ab\u00a0tournant historique\u00a0\u00bb avait \u00e9t\u00e9 atteint pour mettre fin \u00e0 la guerre en Ukraine, a-t-il d\u00e9clar\u00e9 lors d\u2019un entretien t\u00e9l\u00e9phonique avec le pr\u00e9sident fran\u00e7ais Emmanuel Macron ce dimanche 11\u00a0mai.<\/p>\n<p class=\"node__paragraphe antonia-750r text-grey-800 pb-20 pb-md-30\">\n\u00ab\u00a0Au cours de cet appel, le Pr\u00e9sident Erdogan a soulign\u00e9 qu\u2019un tournant historique a \u00e9t\u00e9 atteint dans les efforts en vue de mettre fin au conflit entre l\u2019Ukraine et la Russie, que cette opportunit\u00e9 devait \u00eatre saisie et que la Turquie est pr\u00eate \u00e0 apporter tout les soutiens possible, y compris en accueillant les n\u00e9gociations, afin de parvenir \u00e0 un cessez-le-feu et \u00e0 une paix durable\u00a0\u00bb, pr\u00e9cise la pr\u00e9sidence turque dans un communiqu\u00e9.<\/p>\n<p class=\"node__paragraphe antonia-750r text-grey-800 pb-20 pb-md-30\">\nL\u2019Ukraine et ses alli\u00e9s europ\u00e9ens, de concert avec les Etats-Unis, ont adress\u00e9 samedi <a href=\"https:\/\/www.nouvelobs.com\/monde\/20250510.OBS103750\/l-ukraine-et-ses-allies-europeens-proposent-a-la-russie-un-cessez-le-feu-de-30-jours-a-partir-de-lundi.html\" target=\"_blank\" rel=\"noopener\">un ultimatum \u00e0 Moscou<\/a> pour accepter un cessez-le-feu \u00ab\u00a0complet et inconditionnel\u00a0\u00bb de 30 jours \u00e0 partir de lundi, faute de quoi la Russie s\u2019exposerait \u00e0 de nouvelles \u00ab\u00a0sanctions massives\u00a0\u00bb.<\/p>\n<p class=\"latino-500b text-grey-600 pb-15\">A lire aussi<\/p>\n<p><a href=\"https:\/\/www.nouvelobs.com\/monde\/20250510.OBS103750\/l-ukraine-et-ses-allies-europeens-proposent-a-la-russie-un-cessez-le-feu-de-30-jours-a-partir-de-lundi.html\" data-article-key=\"20250510.OBS103750\" class=\"link--box flex-grow-1\" data-piano=\"Page_Article,Lire_aussi,,Lien1,navigation\" target=\"_blank\" rel=\"noopener\"><\/p>\n<p>                <img decoding=\"async\" src=\"data:image\/svg+xml,%3Csvg%20xmlns%3D%27http%3A%2F%2Fwww.w3.org%2F2000%2Fsvg%27%20fill%3D%22%23e4e4e4%22%20viewBox%3D%270%200%20120%2080%27%20width%3D%22120%22%20height%3D%2280%22%3E%3Cpath%20d%3D%27M0%200h120v80H0z%27%2F%3E%3C%2Fsvg%3E\"  width=\"120\" height=\"80\" loading=\"lazy\" alt=\"Donald Tusk, Keir Starmer, Olena Selenska, Vlodymir Zelensky, Emmanuel Macron et Friedrich Merz \u00e0 Kiev, le 10\u00a0mai 2025.\"\/><\/p>\n<p class=\"latino-300r latino-lg-600m text-grey-800\">\n                    L\u2019Ukraine et ses alli\u00e9s europ\u00e9ens proposent \u00e0 la Russie un cessez-le-feu de 30 jours \u00e0 partir de lundi        <\/p>\n<p><\/a><\/p>\n<p>    Lire\u00a0plus\u00a0tard  <\/p>\n<p class=\"node__paragraphe antonia-750r text-grey-800 pb-20 pb-md-30\">\nEn retour, le pr\u00e9sident russe Vladimir Poutine s\u2019est dit pr\u00eat \u00ab\u00a0\u00e0 des n\u00e9gociations sans aucune condition pr\u00e9alable\u00a0\u00bb et a <a href=\"https:\/\/www.nouvelobs.com\/monde\/20250511.OBS103763\/poutine-propose-des-negociations-directes-avec-l-ukraine-mais-ignore-l-appel-au-cessez-le-feu.html\" target=\"_blank\" rel=\"noopener\">propos\u00e9 d\u2019entamer des n\u00e9gociations<\/a> \u00ab\u00a0d\u00e8s jeudi prochain, le 15 mai, \u00e0 Istanbul\u00a0\u00bb, pr\u00e9cisant qu\u2019il devait s\u2019entretenir avec son homologue turc.<\/p>\n<p>Ankara insiste sur la souverainet\u00e9 de l\u2019Ukraine<\/p>\n<p class=\"node__paragraphe antonia-750r text-grey-800 pb-20 pb-md-30\">\nLa Turquie est le seul membre de l\u2019Otan \u00e0 continuer de parler aussi bien avec Kiev qu\u2019avec Moscou. Ankara insiste n\u00e9anmoins sur son attachement \u00e0 l\u2019int\u00e9grit\u00e9 territoriale et la souverainet\u00e9 de l\u2019Ukraine.<\/p>\n<p class=\"node__paragraphe antonia-750r text-grey-800 pb-20 pb-md-30\">\nLe ministre turc des Affaires \u00e9trang\u00e8res, Hakan Fidan, a particip\u00e9 samedi \u00e0 une visioconf\u00e9rence avec une vingtaine d\u2019autres pays membres de la \u00ab\u00a0coalition des volontaires\u00a0\u00bb soutenant l\u2019Ukraine\u00a0: il a affirm\u00e9 le \u00ab\u00a0soutien de la Turquie \u00e0 l\u2019instauration d\u2019un cessez-le-feu inconditionnel\u00a0\u00bb.<\/p>\n<p class=\"node__paragraphe antonia-750r text-grey-800 pb-20 pb-md-30\">\nLe ministre a \u00e9galement d\u00e9clar\u00e9 qu\u2019Ankara \u00e9tait \u00ab\u00a0pr\u00eat \u00e0 assumer son devoir de surveillance du respect du cessez-le-feu s\u2019il est instaur\u00e9\u00a0\u00bb, selon une source de son minist\u00e8re.<\/p>\n<p class=\"latino-500b text-grey-600 pb-15\">A lire aussi<\/p>\n<p><a href=\"https:\/\/www.nouvelobs.com\/monde\/20250428.OBS103285\/trump-veut-un-deal-en-ukraine-pour-le-30-avril-voici-ce-que-contiennent-les-differents-plans-de-paix.html\" data-article-key=\"20250428.OBS103285\" class=\"link--box flex-grow-1\" data-piano=\"Page_Article,Lire_aussi,,Lien2,navigation\" target=\"_blank\" rel=\"noopener\"><\/p>\n<p>                <img decoding=\"async\" src=\"data:image\/svg+xml,%3Csvg%20xmlns%3D%27http%3A%2F%2Fwww.w3.org%2F2000%2Fsvg%27%20fill%3D%22%23e4e4e4%22%20viewBox%3D%270%200%20120%2080%27%20width%3D%22120%22%20height%3D%2280%22%3E%3Cpath%20d%3D%27M0%200h120v80H0z%27%2F%3E%3C%2Fsvg%3E\"  width=\"120\" height=\"79\" loading=\"lazy\" alt=\"Le pr\u00e9sident am\u00e9ricain Donald Trump et son homologue ukrainien Volodymyr Zelensky lors d\u2019une rencontre au Vatican, le 26\u00a0avril 2025, en marge des fun\u00e9railles du pape Fran\u00e7ois. Une photographie distribu\u00e9e et publi\u00e9e par le minist\u00e8re ukrainien des Affaires \u00e9trang\u00e8res.\"\/><\/p>\n<p class=\"latino-300r latino-lg-600m text-grey-800\">\n                      <strong class=\"latino-300b latino-lg-600m text-grey-500\">D\u00e9cryptage\u00a0<\/strong><br \/>\n                    Trump veut un \u00ab\u00a0deal\u00a0\u00bb en Ukraine pour le 30\u00a0avril\u00a0: voici ce que contiennent les diff\u00e9rents plans de paix        <\/p>\n<p><\/a><\/p>\n<p>    Lire\u00a0plus\u00a0tard  <\/p>\n<p class=\"latino-600m text-grey-800\">\n<p>  Par\u00a0<br \/>\nLe Nouvel Obs avec AFP    <\/p>\n","protected":false},"excerpt":{"rendered":"Par\u00a0 Le Nouvel Obs avec AFP Publi\u00e9 le 11 mai 2025 \u00e0 13h10 Le pr\u00e9sident turc Recep Tayyip&hellip;\n","protected":false},"author":2,"featured_media":92118,"comment_status":"","ping_status":"","sticky":false,"template":"","format":"standard","meta":{"footnotes":""},"categories":[1590],"tags":[17,11,14647,19854,2883,1777,674,131,15287,74,12,20379,20380,20381,220],"class_list":{"0":"post-92117","1":"post","2":"type-post","3":"status-publish","4":"format-standard","5":"has-post-thumbnail","7":"category-ukraine","8":"tag-17","9":"tag-actualites","10":"tag-atteint","11":"tag-erdogan","12":"tag-ete","13":"tag-eu","14":"tag-europe","15":"tag-guerre-en-ukraine","16":"tag-historique","17":"tag-monde","18":"tag-news","19":"tag-recep","20":"tag-tayyip","21":"tag-tournant","22":"tag-ukraine"},"share_on_mastodon":{"url":"https:\/\/pubeurope.com\/@fr\/114490001547584092","error":""},"_links":{"self":[{"href":"https:\/\/www.europesays.com\/fr\/wp-json\/wp\/v2\/posts\/92117","targetHints":{"allow":["GET"]}}],"collection":[{"href":"https:\/\/www.europesays.com\/fr\/wp-json\/wp\/v2\/posts"}],"about":[{"href":"https:\/\/www.europesays.com\/fr\/wp-json\/wp\/v2\/types\/post"}],"author":[{"embeddable":true,"href":"https:\/\/www.europesays.com\/fr\/wp-json\/wp\/v2\/users\/2"}],"replies":[{"embeddable":true,"href":"https:\/\/www.europesays.com\/fr\/wp-json\/wp\/v2\/comments?post=92117"}],"version-history":[{"count":0,"href":"https:\/\/www.europesays.com\/fr\/wp-json\/wp\/v2\/posts\/92117\/revisions"}],"wp:featuredmedia":[{"embeddable":true,"href":"https:\/\/www.europesays.com\/fr\/wp-json\/wp\/v2\/media\/92118"}],"wp:attachment":[{"href":"https:\/\/www.europesays.com\/fr\/wp-json\/wp\/v2\/media?parent=92117"}],"wp:term":[{"taxonomy":"category","embeddable":true,"href":"https:\/\/www.europesays.com\/fr\/wp-json\/wp\/v2\/categories?post=92117"},{"taxonomy":"post_tag","embeddable":true,"href":"https:\/\/www.europesays.com\/fr\/wp-json\/wp\/v2\/tags?post=92117"}],"curies":[{"name":"wp","href":"https:\/\/api.w.org\/{rel}","templated":true}]}}