{"id":92125,"date":"2025-05-11T15:55:10","date_gmt":"2025-05-11T15:55:10","guid":{"rendered":"https:\/\/www.europesays.com\/fr\/92125\/"},"modified":"2025-05-11T15:55:10","modified_gmt":"2025-05-11T15:55:10","slug":"oubliez-leurope-le-texas-est-le-nouveau-cauchemar-des-geants-de-la-tech","status":"publish","type":"post","link":"https:\/\/www.europesays.com\/fr\/92125\/","title":{"rendered":"Oubliez l\u2019Europe, le Texas est le nouveau cauchemar des g\u00e9ants de la tech"},"content":{"rendered":"<p>              <a tabindex=\"-1\" title=\"Anouch Seydtaghia\" href=\"https:\/\/www.letemps.ch\/profil\/anouch-seydtaghia\" target=\"_blank\" rel=\"noopener\"><\/p>\n<p>                    <img decoding=\"async\" src=\"https:\/\/www.europesays.com\/fr\/wp-content\/uploads\/2025\/04\/small.jpeg\" class=\"lazy\" alt=\"\"\/><\/p>\n<p><\/a>        <\/p>\n<p>    Publi\u00e9 le 11 mai 2025 \u00e0 17:50. \/ Modifi\u00e9 le 11 mai 2025 \u00e0 17:50.<\/p>\n<p> 1 min. de lecture<\/p>\n<p>On l\u2019avait l\u2019habitude de voir la Commission europ\u00e9enne infliger des milliards d\u2019euros d\u2019amende \u00e0 Google, Meta, Apple ou Amazon pour non-respect des l\u00e9gislations du continent. D\u00e9sormais, il faudra avoir un \u0153il sur ce qui se passe au Texas. En l\u2019espace de quelques mois, son procureur g\u00e9n\u00e9ral, Ken\u00a0Paxton, est devenu la b\u00eate noire des g\u00e9ants de la technologie.<\/p>\n<p>L\u2019homme vient de faire plier Google, qui a accept\u00e9 vendredi de payer une amende de 1,375\u00a0milliard de dollars. Le tort de cet empire du num\u00e9rique? Avoir viol\u00e9 la confidentialit\u00e9 des donn\u00e9es des utilisateurs au regard des lois du Texas, apparemment extr\u00eamement strictes \u00e0 ce sujet. L\u2019accord couvre les all\u00e9gations relatives au mode incognito du navigateur Chrome, les divulgations li\u00e9es \u00e0 l\u2019historique de localisation sur l\u2019application Google Maps et les r\u00e9clamations biom\u00e9triques li\u00e9es \u00e0 Google Photos. Pour ces trois produits, pourtant tr\u00e8s diff\u00e9rents, le g\u00e9ant de la technologie est accus\u00e9 d\u2019avoir r\u00e9colt\u00e9 ou utilis\u00e9 davantage de donn\u00e9es qu\u2019il ne le disait.<\/p>\n<p>    La suite de l&rsquo;article vous int\u00e9resse?<\/p>\n<p>Tout comprendre, mieux s\u2019informer: acc\u00e9dez au meilleur du journalisme suisse avec notre offre combin\u00e9e <b>Le Temps &amp; Heidi.news<\/b>. &#13;\n<\/p>\n<p>Abonnez-vous en quelques clics et payez facilement avec <b>Twint<\/b>.<\/p>\n<p>    <a class=\"button is-secondary\" data-event=\"click-&gt;clicked\" href=\"https:\/\/www.letemps.ch\/abonnements?wall_id=1\" target=\"_blank\" rel=\"noopener\">Je m\u2019abonne<\/a><\/p>\n<p class=\"post-subscribe__login\">\n        Vous avez d\u00e9j\u00e0 un compte ?<br \/>\n        <a class=\"link\" rel=\"nofollow noopener\" href=\"https:\/\/www.letemps.ch\/compte\/connexion?return_to=https%3A%2F%2Fwww.letemps.ch%2Fopinions%2Fchroniques%2Foubliez-l-europe-le-texas-est-le-nouveau-cauchemar-des-geants-de-la-tech\" target=\"_blank\">Se connecter<\/a>\n      <\/p>\n","protected":false},"excerpt":{"rendered":"Publi\u00e9 le 11 mai 2025 \u00e0 17:50. \/ Modifi\u00e9 le 11 mai 2025 \u00e0 17:50. 1 min. de&hellip;\n","protected":false},"author":2,"featured_media":92126,"comment_status":"","ping_status":"","sticky":false,"template":"","format":"standard","meta":{"footnotes":""},"categories":[1586],"tags":[11,73,1777,674,1011,27,12,301,25],"class_list":{"0":"post-92125","1":"post","2":"type-post","3":"status-publish","4":"format-standard","5":"has-post-thumbnail","7":"category-europe","8":"tag-actualites","9":"tag-etats-unis","10":"tag-eu","11":"tag-europe","12":"tag-fr","13":"tag-france","14":"tag-news","15":"tag-premium","16":"tag-republique-francaise"},"share_on_mastodon":{"url":"https:\/\/pubeurope.com\/@fr\/114490017496251937","error":""},"_links":{"self":[{"href":"https:\/\/www.europesays.com\/fr\/wp-json\/wp\/v2\/posts\/92125","targetHints":{"allow":["GET"]}}],"collection":[{"href":"https:\/\/www.europesays.com\/fr\/wp-json\/wp\/v2\/posts"}],"about":[{"href":"https:\/\/www.europesays.com\/fr\/wp-json\/wp\/v2\/types\/post"}],"author":[{"embeddable":true,"href":"https:\/\/www.europesays.com\/fr\/wp-json\/wp\/v2\/users\/2"}],"replies":[{"embeddable":true,"href":"https:\/\/www.europesays.com\/fr\/wp-json\/wp\/v2\/comments?post=92125"}],"version-history":[{"count":0,"href":"https:\/\/www.europesays.com\/fr\/wp-json\/wp\/v2\/posts\/92125\/revisions"}],"wp:featuredmedia":[{"embeddable":true,"href":"https:\/\/www.europesays.com\/fr\/wp-json\/wp\/v2\/media\/92126"}],"wp:attachment":[{"href":"https:\/\/www.europesays.com\/fr\/wp-json\/wp\/v2\/media?parent=92125"}],"wp:term":[{"taxonomy":"category","embeddable":true,"href":"https:\/\/www.europesays.com\/fr\/wp-json\/wp\/v2\/categories?post=92125"},{"taxonomy":"post_tag","embeddable":true,"href":"https:\/\/www.europesays.com\/fr\/wp-json\/wp\/v2\/tags?post=92125"}],"curies":[{"name":"wp","href":"https:\/\/api.w.org\/{rel}","templated":true}]}}