{"id":921307,"date":"2026-05-09T09:17:16","date_gmt":"2026-05-09T09:17:16","guid":{"rendered":"https:\/\/www.europesays.com\/fr\/921307\/"},"modified":"2026-05-09T09:17:16","modified_gmt":"2026-05-09T09:17:16","slug":"byd-atto-2-dm-i-un-suv-compact-hybride-rechargeable","status":"publish","type":"post","link":"https:\/\/www.europesays.com\/fr\/921307\/","title":{"rendered":"BYD ATTO 2\u00a0DM-i\u00a0: un SUV compact hybride rechargeable"},"content":{"rendered":"<p>        <a href=\"https:\/\/www.linternaute.com\/auto\/suv\/10435644-on-a-essaye-l-atto-2-de-byd-a-moins-de-30-000-euros-que-vaut-vraiment-le-suv-chinois\/10435668-byd-atto-2-un-design-quelconque\" class=\"app_button_nav_next jMiddleNextButton\" rel=\"nofollow noopener\" target=\"_blank\"><\/a><a href=\"https:\/\/www.linternaute.com\/auto\/suv\/10435644-on-a-essaye-l-atto-2-de-byd-a-moins-de-30-000-euros-que-vaut-vraiment-le-suv-chinois\/10435668-byd-atto-2-un-design-quelconque\" class=\"ccmcss_cms_figure__linkright jMiddleNextZone\" rel=\"nofollow noopener\" target=\"_blank\"><\/p>\n<p>                <\/a><\/p>\n<p>Naviguez au clavier<\/p>\n<p>                    Pr\u00e9c\u00e9dent<br \/>\n                    Suivant<br \/>\n                <a href=\"https:\/\/img-4.linternaute.com\/D2aeew8dAJnp1hOpWD7yUswbcso=\/1240x\/smart\/fb82d301b4804c56873638a694e612e8\/ccmcms-linternaute\/89376174.jpg\" class=\"fancy app_btn_1 app_btn--ico jZoomDiapo\" rel=\"nofollow noopener\" target=\"_blank\"><\/a><img loading=\"lazy\" decoding=\"async\" width=\"620\" height=\"414\" src=\"https:\/\/www.europesays.com\/fr\/wp-content\/uploads\/2026\/05\/89376174.jpg\" alt=\"BYD ATTO 2\u00a0DM-i\u00a0: un SUV compact hybride rechargeable\"\/><\/p>\n<p class=\"app_entry_diapo__description jDiaporamaLegend\" data-length=\"453\"> Commercialis\u00e9 en Chine dans une version 100% \u00e9lectrique en 2024,\u00a0l&rsquo;ATTO 2\u00a0du constructeur BYD d\u00e9barque en France\u00a0dans une version hybride rechargeable, ce qui assez rare sur le segment des B-SUV. Son nom (pas simple \u00e0 retenir)\u00a0: BYD ATTO 2\u00a0DM-i. Il se d\u00e9cline en deux finitions (Design et Boost) et quatre coloris\u00a0(Obsidian\u00a0Black, Skiing\u00a0White, Time Grey et Midinght Blue).<br \/>\n<br \/>\u00a9\u00a0 R\u00e9gis Aumont\/Linternaute<\/p>\n","protected":false},"excerpt":{"rendered":"Naviguez au clavier Pr\u00e9c\u00e9dent Suivant Commercialis\u00e9 en Chine dans une version 100% \u00e9lectrique en 2024,\u00a0l&rsquo;ATTO 2\u00a0du constructeur BYD&hellip;\n","protected":false},"author":2,"featured_media":921308,"comment_status":"","ping_status":"","sticky":false,"template":"","format":"standard","meta":{"footnotes":"","_share_on_mastodon":"0"},"categories":[6],"tags":[35,98190,51761,33,34,53051,1011,27,2659],"class_list":["post-921307","post","type-post","status-publish","format-standard","has-post-thumbnail","category-economie","tag-business","tag-cms-linternaute-10435656","tag-controller-content","tag-economie","tag-economy","tag-format-diaporama","tag-fr","tag-france","tag-suv"],"share_on_mastodon":{"url":"https:\/\/pubeurope.com\/@fr\/116543871402610329","error":""},"_links":{"self":[{"href":"https:\/\/www.europesays.com\/fr\/wp-json\/wp\/v2\/posts\/921307","targetHints":{"allow":["GET"]}}],"collection":[{"href":"https:\/\/www.europesays.com\/fr\/wp-json\/wp\/v2\/posts"}],"about":[{"href":"https:\/\/www.europesays.com\/fr\/wp-json\/wp\/v2\/types\/post"}],"author":[{"embeddable":true,"href":"https:\/\/www.europesays.com\/fr\/wp-json\/wp\/v2\/users\/2"}],"replies":[{"embeddable":true,"href":"https:\/\/www.europesays.com\/fr\/wp-json\/wp\/v2\/comments?post=921307"}],"version-history":[{"count":0,"href":"https:\/\/www.europesays.com\/fr\/wp-json\/wp\/v2\/posts\/921307\/revisions"}],"wp:featuredmedia":[{"embeddable":true,"href":"https:\/\/www.europesays.com\/fr\/wp-json\/wp\/v2\/media\/921308"}],"wp:attachment":[{"href":"https:\/\/www.europesays.com\/fr\/wp-json\/wp\/v2\/media?parent=921307"}],"wp:term":[{"taxonomy":"category","embeddable":true,"href":"https:\/\/www.europesays.com\/fr\/wp-json\/wp\/v2\/categories?post=921307"},{"taxonomy":"post_tag","embeddable":true,"href":"https:\/\/www.europesays.com\/fr\/wp-json\/wp\/v2\/tags?post=921307"}],"curies":[{"name":"wp","href":"https:\/\/api.w.org\/{rel}","templated":true}]}}