{"id":92167,"date":"2025-05-11T16:20:08","date_gmt":"2025-05-11T16:20:08","guid":{"rendered":"https:\/\/www.europesays.com\/fr\/92167\/"},"modified":"2025-05-11T16:20:08","modified_gmt":"2025-05-11T16:20:08","slug":"un-detenu-travaillant-en-dehors-de-sa-prison-trouve-la-mort-en-se-jetant-du-duomo-de-milan","status":"publish","type":"post","link":"https:\/\/www.europesays.com\/fr\/92167\/","title":{"rendered":"Un d\u00e9tenu travaillant en dehors de sa prison trouve la mort en se jetant du Duomo de Milan"},"content":{"rendered":"<p class=\"fig-paragraph\">Un meurtrier condamn\u00e9, autoris\u00e9 \u00e0 travailler en dehors de sa prison, s&rsquo;est donn\u00e9 la mort dimanche en se jetant dimanche 11 mai du haut du Duomo de Milan, apr\u00e8s avoir possiblement poignard\u00e9 un coll\u00e8gue, ont rapport\u00e9 des m\u00e9dias locaux. L&rsquo;Italien, identifi\u00e9 par les m\u00e9dias comme \u00e9tant Emanuele De Maria, \u00e2g\u00e9 de 35 ans, a fait une chute de \u00abdizaines de m\u00e8tres\u00bb apr\u00e8s s&rsquo;\u00eatre jet\u00e9 de la cath\u00e9drale gothique sur la place en contrebas.<\/p>\n<p class=\"fig-paragraph\">La zone entourant le Duomo, embl\u00e8me de Milan, est habituellement tr\u00e8s fr\u00e9quent\u00e9e, mais les m\u00e9dias n&rsquo;ont fait \u00e9tat d&rsquo;aucun bless\u00e9 parmi les passants. Les autorit\u00e9s ont identifi\u00e9 Emanuele De Maria, pass\u00e9 \u00e0 la t\u00e9l\u00e9vision italienne l&rsquo;ann\u00e9e derni\u00e8re pour d\u00e9crire sa vie carc\u00e9rale, gr\u00e2ce \u00e0 une pi\u00e8ce d&rsquo;identit\u00e9 dans sa poche et \u00e0 ses tatouages, selon plusieurs sources, dont le quotidien milanais Corriere della Sera.<\/p>\n<p class=\"fig-paragraph\">L&rsquo;homme purgeait une peine de 14 ans de prison pour le meurtre d&rsquo;une femme en 2016. Mais depuis pr\u00e8s de deux ans, il travaillait \u00e0 temps partiel dans un h\u00f4tel situ\u00e9 pr\u00e8s de la gare centrale de Milan. La police le recherchait depuis vendredi, date \u00e0 laquelle il aurait poignard\u00e9 un coll\u00e8gue de travail.<\/p>\n","protected":false},"excerpt":{"rendered":"Un meurtrier condamn\u00e9, autoris\u00e9 \u00e0 travailler en dehors de sa prison, s&rsquo;est donn\u00e9 la mort dimanche en se&hellip;\n","protected":false},"author":2,"featured_media":92168,"comment_status":"","ping_status":"","sticky":false,"template":"","format":"standard","meta":{"footnotes":""},"categories":[5],"tags":[1111,47,11,1109,1112,118,1108,107,1106,1107,1011,27,1110,1114,14,8628,12,1113,316,806,28],"class_list":{"0":"post-92167","1":"post","2":"type-post","3":"status-publish","4":"format-standard","5":"has-post-thumbnail","7":"category-international","8":"tag-actu","9":"tag-actualite","10":"tag-actualites","11":"tag-breves","12":"tag-depeches","13":"tag-faits-divers","14":"tag-fil","15":"tag-fil-info","16":"tag-flash","17":"tag-flash-actu","18":"tag-fr","19":"tag-france","20":"tag-informations","21":"tag-infos","22":"tag-international","23":"tag-milan","24":"tag-news","25":"tag-nouvelles","26":"tag-politique","27":"tag-prison","28":"tag-world"},"share_on_mastodon":{"url":"https:\/\/pubeurope.com\/@fr\/114490115681082315","error":""},"_links":{"self":[{"href":"https:\/\/www.europesays.com\/fr\/wp-json\/wp\/v2\/posts\/92167","targetHints":{"allow":["GET"]}}],"collection":[{"href":"https:\/\/www.europesays.com\/fr\/wp-json\/wp\/v2\/posts"}],"about":[{"href":"https:\/\/www.europesays.com\/fr\/wp-json\/wp\/v2\/types\/post"}],"author":[{"embeddable":true,"href":"https:\/\/www.europesays.com\/fr\/wp-json\/wp\/v2\/users\/2"}],"replies":[{"embeddable":true,"href":"https:\/\/www.europesays.com\/fr\/wp-json\/wp\/v2\/comments?post=92167"}],"version-history":[{"count":0,"href":"https:\/\/www.europesays.com\/fr\/wp-json\/wp\/v2\/posts\/92167\/revisions"}],"wp:featuredmedia":[{"embeddable":true,"href":"https:\/\/www.europesays.com\/fr\/wp-json\/wp\/v2\/media\/92168"}],"wp:attachment":[{"href":"https:\/\/www.europesays.com\/fr\/wp-json\/wp\/v2\/media?parent=92167"}],"wp:term":[{"taxonomy":"category","embeddable":true,"href":"https:\/\/www.europesays.com\/fr\/wp-json\/wp\/v2\/categories?post=92167"},{"taxonomy":"post_tag","embeddable":true,"href":"https:\/\/www.europesays.com\/fr\/wp-json\/wp\/v2\/tags?post=92167"}],"curies":[{"name":"wp","href":"https:\/\/api.w.org\/{rel}","templated":true}]}}