{"id":92188,"date":"2025-05-11T16:35:09","date_gmt":"2025-05-11T16:35:09","guid":{"rendered":"https:\/\/www.europesays.com\/fr\/92188\/"},"modified":"2025-05-11T16:35:09","modified_gmt":"2025-05-11T16:35:09","slug":"meylan-mercredi-lhexagone-cloture-sa-saison-avec-polis-une-proposition-artistique-et-gratuite","status":"publish","type":"post","link":"https:\/\/www.europesays.com\/fr\/92188\/","title":{"rendered":"Meylan. Mercredi, l\u2019Hexagone cl\u00f4ture sa saison avec \u201cPolis\u201d une proposition artistique et gratuite"},"content":{"rendered":"<p>C\u2019est avec Polis , une proposition artistique singuli\u00e8re, que l\u2019Hexagone sc\u00e8ne nationale cl\u00f4turera sa saison 2024-2025, le\u00a0mercredi 14\u00a0mai \u00e0 20\u00a0heures.\u00a0Pour la premi\u00e8re fois, l\u2019Hexagone a convi\u00e9 trois artistes et une historienne sp\u00e9cialiste de la R\u00e9volution fran\u00e7aise \u00e0 partager leurs r\u00e9flexions, d\u00e9sirs, r\u00eaves et craintes quant \u00e0 l\u2019organisation de la cit\u00e9 \u00e0 laquelle nous appartenons tous. O\u00f9 en sommes-nous aujourd\u2019hui\u00a0? Que risque-t-il de se passer si nous ne changeons rien\u00a0? Que pourrait-il se passer si nous d\u00e9cidons, collectivement, de changer certains aspects de notre vie d\u00e9mocratique\u00a0?<\/p>\n<p>Avec Polis , l\u2019Hexagone Sc\u00e8ne nationale souhaite donc ouvrir un laboratoire arts et sciences mis au service d\u2019une communaut\u00e9 humaine qu\u2019il est propos\u00e9 de rejoindre. Artistes et scientifiques s\u2019y activent pour rouvrir le futur que les maux du pr\u00e9sent nous emp\u00eachent de penser collectivement, par inqui\u00e9tude, par sid\u00e9ration ou parce que le temps manque toujours.<\/p>\n<p>  Une premi\u00e8re \u00e9dition<\/p>\n<p>Pour cette premi\u00e8re \u00e9dition, dont deux prochaines \u00e9ditions sont pr\u00e9vues en novembre\u00a02025, puis en mai\u00a02026, Audrey Vernon, S\u00e9bastien Valignat et Nicolas Lambert, engag\u00e9s chacun et chacune \u00e0 leur mani\u00e8re dans un th\u00e9\u00e2tre performatif et document\u00e9, condensent leurs ressorts d\u2019humour caustique et satirique, leurs talents dramaturgiques et d\u2019interpr\u00e9tation\u00a0; ils croiseront, avec le soutien expert de Sophie Wahnich, nos temps pass\u00e9s, pr\u00e9sents et futurs pour y d\u00e9celer un chemin collectif possible. En regard sur les si\u00e8cles pass\u00e9s, en appui sur ce que les sciences savent pr\u00e9dire depuis plusieurs d\u00e9cennies, et ancr\u00e9s dans l\u2019\u00e9tat du monde social, \u00e9cologique et d\u00e9mocratique imm\u00e9diat, ils tenteront de nous projeter jusqu\u2019en 2035.<\/p>\n<p>Pour cette derni\u00e8re soir\u00e9e en entr\u00e9e libre, il sera propos\u00e9 de comprendre d\u2019o\u00f9 vient notre situation historique dans un feuilletage de faits, d\u2019effrois, d\u2019apr\u00e8s coup, de reprises, de r\u00e9p\u00e9titions mais aussi d\u2019inventions et de tentatives. Admettant qu\u2019il faut tenter d\u2019autres gestes, d\u2019entraide, d\u2019humanit\u00e9, qu\u2019il faut affiner nos mani\u00e8res de voter, de r\u00e9sister, de r\u00eaver, qu\u2019il faut reprendre le film et rester t\u00eatus.<\/p>\n<p>Cette soir\u00e9e est une recherche, une aventure que les \u00e9quipes de l\u2019Hexagone et de cette cr\u00e9ation souhaitent partager avec le public. La soir\u00e9e se terminera autour d\u2019un verre avec ces derniers. Et sans oublier qu\u2019en pr\u00e9paration du spectacle, un questionnaire anonyme est \u00e0 remplir sur le site de l\u2019Hexagone.<\/p>\n","protected":false},"excerpt":{"rendered":"C\u2019est avec Polis , une proposition artistique singuli\u00e8re, que l\u2019Hexagone sc\u00e8ne nationale cl\u00f4turera sa saison 2024-2025, le\u00a0mercredi 14\u00a0mai&hellip;\n","protected":false},"author":2,"featured_media":92189,"comment_status":"","ping_status":"","sticky":false,"template":"","format":"standard","meta":{"footnotes":""},"categories":[9566],"tags":[1111,11,2430,1687,112,1777,674,1011,27,2731,9597,9598,12,25,3140],"class_list":{"0":"post-92188","1":"post","2":"type-post","3":"status-publish","4":"format-standard","5":"has-post-thumbnail","7":"category-grenoble","8":"tag-actu","9":"tag-actualites","10":"tag-auvergne-rhone-alpes","11":"tag-culture-loisirs","12":"tag-edition-grenoble-agglomeration","13":"tag-eu","14":"tag-europe","15":"tag-fr","16":"tag-france","17":"tag-grenoble","18":"tag-meylan","19":"tag-meylan-et-autour","20":"tag-news","21":"tag-republique-francaise","22":"tag-spectacle"},"share_on_mastodon":{"url":"https:\/\/pubeurope.com\/@fr\/114490174574428492","error":""},"_links":{"self":[{"href":"https:\/\/www.europesays.com\/fr\/wp-json\/wp\/v2\/posts\/92188","targetHints":{"allow":["GET"]}}],"collection":[{"href":"https:\/\/www.europesays.com\/fr\/wp-json\/wp\/v2\/posts"}],"about":[{"href":"https:\/\/www.europesays.com\/fr\/wp-json\/wp\/v2\/types\/post"}],"author":[{"embeddable":true,"href":"https:\/\/www.europesays.com\/fr\/wp-json\/wp\/v2\/users\/2"}],"replies":[{"embeddable":true,"href":"https:\/\/www.europesays.com\/fr\/wp-json\/wp\/v2\/comments?post=92188"}],"version-history":[{"count":0,"href":"https:\/\/www.europesays.com\/fr\/wp-json\/wp\/v2\/posts\/92188\/revisions"}],"wp:featuredmedia":[{"embeddable":true,"href":"https:\/\/www.europesays.com\/fr\/wp-json\/wp\/v2\/media\/92189"}],"wp:attachment":[{"href":"https:\/\/www.europesays.com\/fr\/wp-json\/wp\/v2\/media?parent=92188"}],"wp:term":[{"taxonomy":"category","embeddable":true,"href":"https:\/\/www.europesays.com\/fr\/wp-json\/wp\/v2\/categories?post=92188"},{"taxonomy":"post_tag","embeddable":true,"href":"https:\/\/www.europesays.com\/fr\/wp-json\/wp\/v2\/tags?post=92188"}],"curies":[{"name":"wp","href":"https:\/\/api.w.org\/{rel}","templated":true}]}}