{"id":92190,"date":"2025-05-11T16:36:09","date_gmt":"2025-05-11T16:36:09","guid":{"rendered":"https:\/\/www.europesays.com\/fr\/92190\/"},"modified":"2025-05-11T16:36:09","modified_gmt":"2025-05-11T16:36:09","slug":"hautes-alpes-plusieurs-fermetures-de-la-rd1091-en-mai-et-juin-des-perturbations-a-prevoir-entre-briancon-et-grenoble","status":"publish","type":"post","link":"https:\/\/www.europesays.com\/fr\/92190\/","title":{"rendered":"Hautes-Alpes. Plusieurs fermetures de la RD1091 en mai et juin : des perturbations \u00e0 pr\u00e9voir entre Brian\u00e7on et Grenoble"},"content":{"rendered":"<p>Le D\u00e9partement de l\u2019Is\u00e8re engage des travaux de s\u00e9curisation contre les chutes de blocs sur la RD1091, au niveau des tunnels des Comm\u00e8res et de l&rsquo;Infernet.<\/p>\n<p>Ces travaux impacteront fortement la liaison Brian\u00e7on-Grenoble avec plusieurs fermetures totales\u00a0de la route, de 9h \u00e0 17h, du 12 au 16 mai, du 19 au 23 mai et le 20 juin.<\/p>\n<p>En dehors de ces horaires, un\u00a0alternat de circulation est mis en place.<\/p>\n<p>Ce contenu est bloqu\u00e9 car vous n&rsquo;avez pas accept\u00e9 les cookies et autres traceurs.<\/p>\n<p>En cliquant sur \u00ab J\u2019accepte \u00bb, les cookies et autres traceurs seront d\u00e9pos\u00e9s et vous pourrez visualiser les contenus  (<a href=\"\" class=\"consentModule_policy\" target=\"_blank\" title=\"Consulter la politique de protection des donn\u00e9es du fournisseur\">plus d&rsquo;informations<\/a>).<\/p>\n<p>En cliquant sur \u00ab J\u2019accepte tous les cookies \u00bb, vous autorisez des d\u00e9p\u00f4ts de cookies et autres traceurs pour le stockage de vos donn\u00e9es sur nos sites et applications \u00e0 des fins de personnalisation et de ciblage publicitaire.<\/p>\n<p class=\"consentModule_secondaryText\">Vous gardez la possibilit\u00e9 de retirer votre consentement \u00e0 tout moment en consultant notre <a href=\"https:\/\/www.ledauphine.com\/protection-des-donnees\" target=\"_blank\" title=\"Consulter notre politique de protection des donn\u00e9es\" rel=\"nofollow noopener\">politique de protection des donn\u00e9es<\/a>. <br \/>&#13;<br \/>\n            <a href=\"https:\/\/www.ledauphine.com\/transport\/2025\/05\/11\/javascript:Didomi.notice.show()\" class=\"consentModule_cmp\" rel=\"nofollow noopener\" target=\"_blank\">G\u00e9rer mes choix<\/a>&#13;\n        <\/p>\n<p>&#13;<br \/>\n                        J&rsquo;accepte&#13;<br \/>\n            J&rsquo;accepte tous les cookies&#13;\n        <\/p>\n","protected":false},"excerpt":{"rendered":"Le D\u00e9partement de l\u2019Is\u00e8re engage des travaux de s\u00e9curisation contre les chutes de blocs sur la RD1091, au&hellip;\n","protected":false},"author":2,"featured_media":92191,"comment_status":"","ping_status":"","sticky":false,"template":"","format":"standard","meta":{"footnotes":""},"categories":[9566],"tags":[1111,11,2430,12923,4749,3542,113,4521,1777,674,1011,27,2731,881,108,20384,20385,12,25,800],"class_list":{"0":"post-92190","1":"post","2":"type-post","3":"status-publish","4":"format-standard","5":"has-post-thumbnail","7":"category-grenoble","8":"tag-actu","9":"tag-actualites","10":"tag-auvergne-rhone-alpes","11":"tag-briancon","12":"tag-btp-et-chantiers","13":"tag-circulation","14":"tag-edition-gresivaudan-oisans","15":"tag-edition-hautes-alpes-alpes-de-haute-provence","16":"tag-eu","17":"tag-europe","18":"tag-fr","19":"tag-france","20":"tag-grenoble","21":"tag-hautes-alpes","22":"tag-isere","23":"tag-la-grave","24":"tag-les-deux-alpes","25":"tag-news","26":"tag-republique-francaise","27":"tag-transports"},"share_on_mastodon":{"url":"https:\/\/pubeurope.com\/@fr\/114490178508204352","error":""},"_links":{"self":[{"href":"https:\/\/www.europesays.com\/fr\/wp-json\/wp\/v2\/posts\/92190","targetHints":{"allow":["GET"]}}],"collection":[{"href":"https:\/\/www.europesays.com\/fr\/wp-json\/wp\/v2\/posts"}],"about":[{"href":"https:\/\/www.europesays.com\/fr\/wp-json\/wp\/v2\/types\/post"}],"author":[{"embeddable":true,"href":"https:\/\/www.europesays.com\/fr\/wp-json\/wp\/v2\/users\/2"}],"replies":[{"embeddable":true,"href":"https:\/\/www.europesays.com\/fr\/wp-json\/wp\/v2\/comments?post=92190"}],"version-history":[{"count":0,"href":"https:\/\/www.europesays.com\/fr\/wp-json\/wp\/v2\/posts\/92190\/revisions"}],"wp:featuredmedia":[{"embeddable":true,"href":"https:\/\/www.europesays.com\/fr\/wp-json\/wp\/v2\/media\/92191"}],"wp:attachment":[{"href":"https:\/\/www.europesays.com\/fr\/wp-json\/wp\/v2\/media?parent=92190"}],"wp:term":[{"taxonomy":"category","embeddable":true,"href":"https:\/\/www.europesays.com\/fr\/wp-json\/wp\/v2\/categories?post=92190"},{"taxonomy":"post_tag","embeddable":true,"href":"https:\/\/www.europesays.com\/fr\/wp-json\/wp\/v2\/tags?post=92190"}],"curies":[{"name":"wp","href":"https:\/\/api.w.org\/{rel}","templated":true}]}}