{"id":921984,"date":"2026-05-09T16:40:21","date_gmt":"2026-05-09T16:40:21","guid":{"rendered":"https:\/\/www.europesays.com\/fr\/921984\/"},"modified":"2026-05-09T16:40:21","modified_gmt":"2026-05-09T16:40:21","slug":"marc-marquez-forfait-pour-la-suite-du-gp-de-france-et-pour-la-catalogne","status":"publish","type":"post","link":"https:\/\/www.europesays.com\/fr\/921984\/","title":{"rendered":"Marc M\u00e1rquez forfait pour la suite du GP de France et pour la Catalogne"},"content":{"rendered":"<p><a href=\"https:\/\/fr.motorsport.com\/driver\/marc-marquez\/92646\/\" target=\"_blank\" rel=\"noopener nofollow\">Marc M\u00e1rquez<\/a> a d\u00fb d\u00e9clarer forfait pour la course principale du Grand Prix de France, mais \u00e9galement pour le prochain rendez-vous en Catalogne apr\u00e8s s&rsquo;\u00eatre fractur\u00e9 le pied ce samedi au Mans. L&rsquo;Espagnol va devoir subir une op\u00e9ration.<\/p>\n<p>Marc M\u00e1rquez a lourdement chut\u00e9 lors de la course sprint du Grand Prix de France MotoGP. Le pilote Ducati s&rsquo;\u00e9lan\u00e7ait depuis la deuxi\u00e8me place sur la grille, aux c\u00f4t\u00e9s de son co\u00e9quipier <a href=\"https:\/\/fr.motorsport.com\/driver\/pecco-bagnaia\/109394\/\" target=\"_blank\" rel=\"noopener nofollow\">Pecco Bagnaia<\/a>.<\/p>\n<p>En difficult\u00e9 durant l&rsquo;\u00e9preuve, l&rsquo;Espagnol a progressivement recul\u00e9 au classement, passant de la deuxi\u00e8me position au moment de l&rsquo;envol \u00e0 la septi\u00e8me place, d\u00e9pass\u00e9 successivement par les deux Aprilia officielles, <a href=\"https:\/\/fr.motorsport.com\/driver\/fabio-quartararo\/109400\/\" target=\"_blank\" rel=\"noopener nofollow\">Fabio Quartararo<\/a>, <a href=\"https:\/\/fr.motorsport.com\/driver\/pedro-acosta\/840236\/\" target=\"_blank\" rel=\"noopener nofollow\">Pedro Acosta<\/a> puis <a href=\"https:\/\/fr.motorsport.com\/driver\/joan-mir\/289392\/\" target=\"_blank\" rel=\"noopener nofollow\">Joan Mir<\/a>.<\/p>\n<p>Alors qu&rsquo;il tentait de reprendre l&rsquo;avantage sur la Honda qui le pr\u00e9c\u00e9dait, Marc M\u00e1rquez a perdu le contr\u00f4le de sa moto et a violemment chut\u00e9 dans les derniers tours. L&rsquo;impact a sembl\u00e9 particuli\u00e8rement brutal. Le pilote Ducati a ensuite \u00e9t\u00e9 transport\u00e9 au centre m\u00e9dical et paraissait touch\u00e9 au pied, boitant nettement en quittant la piste.<\/p>\n<p>\u00a0<\/p>\n<p>L&rsquo;annonce officielle est finalement tomb\u00e9e rapidement\u00a0: le champion en titre sera forfait pour la suite du week-end fran\u00e7ais, mais \u00e9galement pour le GP de catalogne la semaine prochaine.<\/p>\n<p>\u00ab\u00a0\u00c0 la suite de sa chute lors du sprint du Grand Prix de France et apr\u00e8s un examen m\u00e9dical ainsi qu&rsquo;une radiographie, Marc a \u00e9t\u00e9 d\u00e9clar\u00e9 inapte en raison d&rsquo;une fracture du cinqui\u00e8me m\u00e9tatarse du pied droit\u00a0\u00bb,\u00a0a expliqu\u00e9 Ducati.<\/p>\n<p>\u00ab\u00a0Il s&rsquo;envolera cette nuit pour Madrid afin d&rsquo;y subir une op\u00e9ration dans les prochains jours. Il ne participera pas au Grand Prix de Catalogne la semaine prochaine.\u00a0\u00bb<\/p>\n<p>Pour rappel, Marc M\u00e1rquez est toujours en convalescence apr\u00e8s la blessure \u00e0 l&rsquo;\u00e9paule contract\u00e9e lors du Grand Prix d&rsquo;Indon\u00e9sie 2025. Une blessure qui l&rsquo;avait emp\u00each\u00e9 de terminer la saison qui l&rsquo;avait vu \u00eatre sacr\u00e9 du titre mondial, et qui semble encore aujourd&rsquo;hui l&rsquo;handicaper, lui qui n&rsquo;a toujours remport\u00e9 aucune course principale en 2026.<\/p>\n<p>Lire aussi :<\/p>\n<p>            Votre avis nous int\u00e9resse !<\/p>\n<p class=\"mt-auto\">Qu&rsquo;aimeriez-vous voir sur Motorsport.com ?<\/p>\n<p>            <a href=\"#\" class=\"ms-link text-link font-bold\">R\u00e9pondez \u00e0 notre enqu\u00eate en 5 minutes.<\/a><\/p>\n<p class=\"mt-1 text-body\">&#8211; L&rsquo;\u00e9quipe Motorsport.com<\/p>\n","protected":false},"excerpt":{"rendered":"Marc M\u00e1rquez a d\u00fb d\u00e9clarer forfait pour la course principale du Grand Prix de France, mais \u00e9galement pour&hellip;\n","protected":false},"author":2,"featured_media":921985,"comment_status":"","ping_status":"","sticky":false,"template":"","format":"standard","meta":{"footnotes":"","_share_on_mastodon":"0"},"categories":[9],"tags":[4950,1011,27,15545,15546,5038,98230,1458,60],"class_list":["post-921984","post","type-post","status-publish","format-standard","has-post-thumbnail","category-sports","tag-ducati-team","tag-fr","tag-france","tag-gp-de-france","tag-le-mans-circuit-bugatti","tag-marc-mu00e1rquez","tag-marc-mu00e1rquez-forfait-pour-la-suite-du-gp-de-france-et-pour-la-catalogne","tag-motogp","tag-sports"],"share_on_mastodon":{"url":"https:\/\/pubeurope.com\/@fr\/116545613132406150","error":""},"_links":{"self":[{"href":"https:\/\/www.europesays.com\/fr\/wp-json\/wp\/v2\/posts\/921984","targetHints":{"allow":["GET"]}}],"collection":[{"href":"https:\/\/www.europesays.com\/fr\/wp-json\/wp\/v2\/posts"}],"about":[{"href":"https:\/\/www.europesays.com\/fr\/wp-json\/wp\/v2\/types\/post"}],"author":[{"embeddable":true,"href":"https:\/\/www.europesays.com\/fr\/wp-json\/wp\/v2\/users\/2"}],"replies":[{"embeddable":true,"href":"https:\/\/www.europesays.com\/fr\/wp-json\/wp\/v2\/comments?post=921984"}],"version-history":[{"count":0,"href":"https:\/\/www.europesays.com\/fr\/wp-json\/wp\/v2\/posts\/921984\/revisions"}],"wp:featuredmedia":[{"embeddable":true,"href":"https:\/\/www.europesays.com\/fr\/wp-json\/wp\/v2\/media\/921985"}],"wp:attachment":[{"href":"https:\/\/www.europesays.com\/fr\/wp-json\/wp\/v2\/media?parent=921984"}],"wp:term":[{"taxonomy":"category","embeddable":true,"href":"https:\/\/www.europesays.com\/fr\/wp-json\/wp\/v2\/categories?post=921984"},{"taxonomy":"post_tag","embeddable":true,"href":"https:\/\/www.europesays.com\/fr\/wp-json\/wp\/v2\/tags?post=921984"}],"curies":[{"name":"wp","href":"https:\/\/api.w.org\/{rel}","templated":true}]}}