{"id":92204,"date":"2025-05-11T16:43:13","date_gmt":"2025-05-11T16:43:13","guid":{"rendered":"https:\/\/www.europesays.com\/fr\/92204\/"},"modified":"2025-05-11T16:43:13","modified_gmt":"2025-05-11T16:43:13","slug":"lassociation-grand-largue-etait-en-escale-a-quiberon-ce-week-end","status":"publish","type":"post","link":"https:\/\/www.europesays.com\/fr\/92204\/","title":{"rendered":"L\u2019association Grand Largue \u00e9tait en escale \u00e0 Quiberon ce week-end"},"content":{"rendered":"<p>Durant tout le week-end, l\u2019association Initiatives Grand Largue a accueilli \u00e0 Quiberon, dans les locaux du Yacht-Club de Port Haliguen, pr\u00eat\u00e9s tout expr\u00e8s, la 7e \u00e9dition du Week end du Grand Largue. 37 jeunes d\u2019une moyenne d\u2019\u00e2ge de 15\/16\u00a0ans, venus de r\u00e9gion parisienne, de Brest, Nantes et Vannes, r\u00e9partis dans quatorze bateaux et accompagn\u00e9s de skippers et \u00e9ducateurs, ont pu faire de la navigation promenade, le temps d\u2019une pause bienvenue ce que Christophe Fouilland, coordinateur local, r\u00e9sume ainsi\u00a0: \u00ab\u00a0une mer-th\u00e9rapie pour des jeunes qui n\u2019ont pas eu de bol\u00a0\u00bb.<\/p>\n","protected":false},"excerpt":{"rendered":"Durant tout le week-end, l\u2019association Initiatives Grand Largue a accueilli \u00e0 Quiberon, dans les locaux du Yacht-Club de&hellip;\n","protected":false},"author":2,"featured_media":92205,"comment_status":"","ping_status":"","sticky":false,"template":"","format":"standard","meta":{"footnotes":""},"categories":[2818],"tags":[1111,11,1777,674,1011,27,766,12,2636,8912,25],"class_list":{"0":"post-92204","1":"post","2":"type-post","3":"status-publish","4":"format-standard","5":"has-post-thumbnail","7":"category-nantes","8":"tag-actu","9":"tag-actualites","10":"tag-eu","11":"tag-europe","12":"tag-fr","13":"tag-france","14":"tag-nantes","15":"tag-news","16":"tag-pays-de-la-loire","17":"tag-quiberon","18":"tag-republique-francaise"},"share_on_mastodon":{"url":"https:\/\/pubeurope.com\/@fr\/114490206077846735","error":""},"_links":{"self":[{"href":"https:\/\/www.europesays.com\/fr\/wp-json\/wp\/v2\/posts\/92204","targetHints":{"allow":["GET"]}}],"collection":[{"href":"https:\/\/www.europesays.com\/fr\/wp-json\/wp\/v2\/posts"}],"about":[{"href":"https:\/\/www.europesays.com\/fr\/wp-json\/wp\/v2\/types\/post"}],"author":[{"embeddable":true,"href":"https:\/\/www.europesays.com\/fr\/wp-json\/wp\/v2\/users\/2"}],"replies":[{"embeddable":true,"href":"https:\/\/www.europesays.com\/fr\/wp-json\/wp\/v2\/comments?post=92204"}],"version-history":[{"count":0,"href":"https:\/\/www.europesays.com\/fr\/wp-json\/wp\/v2\/posts\/92204\/revisions"}],"wp:featuredmedia":[{"embeddable":true,"href":"https:\/\/www.europesays.com\/fr\/wp-json\/wp\/v2\/media\/92205"}],"wp:attachment":[{"href":"https:\/\/www.europesays.com\/fr\/wp-json\/wp\/v2\/media?parent=92204"}],"wp:term":[{"taxonomy":"category","embeddable":true,"href":"https:\/\/www.europesays.com\/fr\/wp-json\/wp\/v2\/categories?post=92204"},{"taxonomy":"post_tag","embeddable":true,"href":"https:\/\/www.europesays.com\/fr\/wp-json\/wp\/v2\/tags?post=92204"}],"curies":[{"name":"wp","href":"https:\/\/api.w.org\/{rel}","templated":true}]}}