{"id":92210,"date":"2025-05-11T16:46:12","date_gmt":"2025-05-11T16:46:12","guid":{"rendered":"https:\/\/www.europesays.com\/fr\/92210\/"},"modified":"2025-05-11T16:46:12","modified_gmt":"2025-05-11T16:46:12","slug":"lancement-officiel-par-paul-watson","status":"publish","type":"post","link":"https:\/\/www.europesays.com\/fr\/92210\/","title":{"rendered":"lancement officiel par Paul Watson"},"content":{"rendered":"<p>\ud83d\udd52 Article publi\u00e9 le 11 mai 2025<br \/>&#13;<br \/>\n\u2705 Mis \u00e0 jour le 11 mai 2025<\/p>\n<p>Dans un hangar bond\u00e9 \u00e0 Darwin, ce samedi 10 mai 2025, <strong>Paul Watson, fondateur embl\u00e9matique de Sea Shepherd, a officiellement lanc\u00e9 le groupe local de l\u2019organisation \u00e0 Bordeaux.<\/strong> Cet \u00e9v\u00e9nement marque un tournant pour la protection de l\u2019oc\u00e9an Atlantique. Plus de 200 personnes ont assist\u00e9 \u00e0 cet \u00e9v\u00e9nement, \u00e9coutant Watson rappeler l\u2019urgence de prot\u00e9ger les oc\u00e9ans avec un message fort : \u00ab Si l\u2019oc\u00e9an meurt, nous mourrons. \u00bb<\/p>\n<p>De la prison au combat : le retour triomphal de Paul Watson<\/p>\n<p>Paul Watson a fait de Bordeaux l\u2019une de ses <strong>premi\u00e8res \u00e9tapes publiques depuis sa lib\u00e9ration<\/strong>. Apr\u00e8s cinq mois de d\u00e9tention au Groenland, provoqu\u00e9e par un mandat d\u2019arr\u00eat \u00e9mis par le Japon pour ses actions contre la chasse \u00e0 la baleine, il a retrouv\u00e9 la libert\u00e9 le 8 avril 2025. La suspension de la notice rouge par Interpol a marqu\u00e9 un tournant d\u00e9cisif dans son parcours.<\/p>\n<p>Lamya Essemlali, pr\u00e9sidente de Sea Shepherd France, a insist\u00e9 sur le fait que <strong>cette \u00e9preuve n\u2019a fait que renforcer la d\u00e9termination de Watson<\/strong>.<\/p>\n<blockquote>\n<p>\u00ab Punir Paul, c\u2019\u00e9tait envoyer un message fort \u00e0 tous ceux qui s\u2019opposent aux grandes puissances \u00bb<\/p>\n<\/blockquote>\n<p><img loading=\"lazy\" decoding=\"async\" aria-describedby=\"caption-attachment-27949\" class=\"wp-image-27949 size-full lazyload ewww_webp_lazy_load\" title=\"Conf\u00e9rence de Paul Watson \u00e0 l'Ocean Fest de Biarritz\" src=\"https:\/\/www.europesays.com\/fr\/wp-content\/uploads\/2025\/05\/conference-paul-watson-biarritz.jpg\" alt=\"Conf\u00e9rence de Paul Watson \u00e0 l'Ocean Fest de Biarritz\" width=\"1200\" height=\"800\" style=\"--smush-placeholder-width: 1200px; --smush-placeholder-aspect-ratio: 1200\/800;\" src-webp=\"https:\/\/www.europesays.com\/fr\/wp-content\/uploads\/2025\/05\/conference-paul-watson-biarritz.jpg.webp\"\/><\/p>\n<p id=\"caption-attachment-27949\" class=\"wp-caption-text\">Conf\u00e9rence de Paul Watson \u00e0 l\u2019Ocean Fest de Biarritz<\/p>\n<p>Un choix strat\u00e9gique : Bordeaux, bastion de la mobilisation<\/p>\n<p>Sea Shepherd n\u2019a pas choisi Bordeaux par hasard. La ville s\u2019est r\u00e9v\u00e9l\u00e9e \u00eatre un soutien crucial pour Paul Watson lors de sa d\u00e9tention, gr\u00e2ce \u00e0 <a href=\"https:\/\/www.lefigaro.fr\/bordeaux\/chasse-a-la-baleine-pierre-hurmic-fait-appel-au-maire-de-fukuoka-ville-jumelle-de-bordeaux-apres-l-arrestation-de-paul-watson-20240814\" target=\"_blank\" rel=\"noopener\">l\u2019engagement du maire \u00e9cologiste Pierre Hurmic<\/a> et de Philippe Barre, fondateur de Darwin. Situ\u00e9e pr\u00e8s de l\u2019oc\u00e9an Atlantique, <strong>Bordeaux b\u00e9n\u00e9ficie de la proximit\u00e9 du Parc naturel marin de l\u2019estuaire de la Gironde<\/strong> et de la mer des Pertuis, une <a href=\"https:\/\/parc-marin-gironde-pertuis.fr\/\" target=\"_blank\" rel=\"noopener\">zone maritime prot\u00e9g\u00e9e de 6 500km\u00b2<\/a>, essentielle pour la pr\u00e9servation de la biodiversit\u00e9.<\/p>\n<p>De nouvelles menaces pour les oc\u00e9ans : l\u2019exploitation mini\u00e8re en eau profonde<\/p>\n<p>Au-del\u00e0 de la chasse aux c\u00e9tac\u00e9s, Paul Watson a mis en garde contre une nouvelle menace : <strong>l\u2019exploitation mini\u00e8re en eau profonde<\/strong>. Il d\u00e9nonce cette pratique comme une <strong>catastrophe \u00e9cologique en devenir<\/strong>, encourag\u00e9e par certains \u00c9tats qui privil\u00e9gient les profits au d\u00e9triment des \u00e9cosyst\u00e8mes marins, encore m\u00e9connus.<\/p>\n<p>Des chiffres alarmants sur la pollution de l\u2019oc\u00e9an Atlantique<\/p>\n<p>Les statistiques r\u00e9gionales r\u00e9v\u00e8lent une situation pr\u00e9occupante. En 2023, l\u2019estuaire de la Gironde a enregistr\u00e9 158 d\u00e9chets pour 100 m\u00e8tres de littoral. De plus, 80 \u00e0 92 % de ces d\u00e9chets sont en plastique. Ces chiffres soulignent <strong>l\u2019urgence d\u2019une protection \u00e0 l\u2019\u00e9chelle locale<\/strong>.<\/p>\n<p><img loading=\"lazy\" decoding=\"async\" aria-describedby=\"caption-attachment-27948\" class=\"wp-image-27948 size-full lazyload ewww_webp_lazy_load\" title=\"Action Sea Shepherd \u00e0 La Rochelle\" src=\"https:\/\/www.europesays.com\/fr\/wp-content\/uploads\/2025\/05\/action-sea-shepherd-sud-ouest.jpg\" alt=\"Action Sea Shepherd \u00e0 La Rochelle\" width=\"1200\" height=\"800\" style=\"--smush-placeholder-width: 1200px; --smush-placeholder-aspect-ratio: 1200\/800;\" src-webp=\"https:\/\/www.europesays.com\/fr\/wp-content\/uploads\/2025\/05\/action-sea-shepherd-sud-ouest.jpg.webp\"\/><\/p>\n<p id=\"caption-attachment-27948\" class=\"wp-caption-text\">Action Sea Shepherd \u00e0 La Rochelle<\/p>\n<p>Une mobilisation bordelaise qui prend de l\u2019ampleur<\/p>\n<p>Izzie Brohan, responsable de <a href=\"https:\/\/www.facebook.com\/profile.php?id=61569740060886\" target=\"_blank\" rel=\"noopener\">Sea Shepherd Bordeaux<\/a>, a officialis\u00e9 la cr\u00e9ation du groupe local lors de la conf\u00e9rence du 10 mai. En r\u00e9alit\u00e9, la cellule bordelaise existe depuis novembre 2024. Depuis cette date, l\u2019\u00e9quipe s\u2019est structur\u00e9e et pr\u00e9pare d\u00e9j\u00e0 des actions concr\u00e8tes, comme des op\u00e9rations de <strong>nettoyage des plages du Sud-Ouest<\/strong>.<\/p>\n<p>Un calendrier d\u2019actions ambitieux pour l\u2019\u00e9t\u00e9 2025<\/p>\n<p>Sea Shepherd Bordeaux a d\u00e9j\u00e0 planifi\u00e9 plusieurs \u00e9v\u00e9nements. Par exemple, l\u2019association sera pr\u00e9sente au concert de Julien Dor\u00e9 \u00e0 Bordeaux le 23 mai 2025. Elle participera \u00e9galement \u00e0 la <strong>course solidaire \u201cRun for Planet\u201d le 25 mai<\/strong>. Ces initiatives visent \u00e0 mobiliser le public autour de la cause environnementale.<\/p>\n<p>Un appel \u00e0 l\u2019engagement citoyen<\/p>\n<p>Paul Watson a termin\u00e9 son intervention en lan\u00e7ant un appel \u00e0 la mobilisation.<\/p>\n<blockquote>\n<p>\u00ab Vous \u00eates les gardiens de cette c\u00f4te magnifique. Votre \u00e9nergie et votre passion peuvent changer les choses. \u00bb<\/p>\n<\/blockquote>\n<p>Sea Shepherd Bordeaux encourage les b\u00e9n\u00e9voles \u00e0 rejoindre ses actions sur le terrain. Avec cette nouvelle antenne \u00e0 Bordeaux, l\u2019association \u00e9cologiste renforce sa pr\u00e9sence en France. La lutte pour prot\u00e9ger les oc\u00e9ans ne cesse de gagner en ampleur.<\/p>\n","protected":false},"excerpt":{"rendered":"\ud83d\udd52 Article publi\u00e9 le 11 mai 2025&#13; \u2705 Mis \u00e0 jour le 11 mai 2025 Dans un hangar&hellip;\n","protected":false},"author":2,"featured_media":92211,"comment_status":"","ping_status":"","sticky":false,"template":"","format":"standard","meta":{"footnotes":""},"categories":[2817],"tags":[1111,11,1997,1777,674,1011,27,12,2219,20388,20386,20387,25,6032],"class_list":{"0":"post-92210","1":"post","2":"type-post","3":"status-publish","4":"format-standard","5":"has-post-thumbnail","7":"category-bordeaux","8":"tag-actu","9":"tag-actualites","10":"tag-bordeaux","11":"tag-eu","12":"tag-europe","13":"tag-fr","14":"tag-france","15":"tag-news","16":"tag-nouvelle-aquitaine","17":"tag-ocu00e9an-atlantique","18":"tag-paul-watson","19":"tag-pollution-marine","20":"tag-republique-francaise","21":"tag-sea-shepherd"},"share_on_mastodon":{"url":"https:\/\/pubeurope.com\/@fr\/114490217896740441","error":""},"_links":{"self":[{"href":"https:\/\/www.europesays.com\/fr\/wp-json\/wp\/v2\/posts\/92210","targetHints":{"allow":["GET"]}}],"collection":[{"href":"https:\/\/www.europesays.com\/fr\/wp-json\/wp\/v2\/posts"}],"about":[{"href":"https:\/\/www.europesays.com\/fr\/wp-json\/wp\/v2\/types\/post"}],"author":[{"embeddable":true,"href":"https:\/\/www.europesays.com\/fr\/wp-json\/wp\/v2\/users\/2"}],"replies":[{"embeddable":true,"href":"https:\/\/www.europesays.com\/fr\/wp-json\/wp\/v2\/comments?post=92210"}],"version-history":[{"count":0,"href":"https:\/\/www.europesays.com\/fr\/wp-json\/wp\/v2\/posts\/92210\/revisions"}],"wp:featuredmedia":[{"embeddable":true,"href":"https:\/\/www.europesays.com\/fr\/wp-json\/wp\/v2\/media\/92211"}],"wp:attachment":[{"href":"https:\/\/www.europesays.com\/fr\/wp-json\/wp\/v2\/media?parent=92210"}],"wp:term":[{"taxonomy":"category","embeddable":true,"href":"https:\/\/www.europesays.com\/fr\/wp-json\/wp\/v2\/categories?post=92210"},{"taxonomy":"post_tag","embeddable":true,"href":"https:\/\/www.europesays.com\/fr\/wp-json\/wp\/v2\/tags?post=92210"}],"curies":[{"name":"wp","href":"https:\/\/api.w.org\/{rel}","templated":true}]}}