{"id":92214,"date":"2025-05-11T16:48:08","date_gmt":"2025-05-11T16:48:08","guid":{"rendered":"https:\/\/www.europesays.com\/fr\/92214\/"},"modified":"2025-05-11T16:48:08","modified_gmt":"2025-05-11T16:48:08","slug":"ca-va-etre-un-moment-special-pour-nous","status":"publish","type":"post","link":"https:\/\/www.europesays.com\/fr\/92214\/","title":{"rendered":"\u00c7a va \u00eatre un moment sp\u00e9cial pour nous !"},"content":{"rendered":"<p>            Par<br \/>\n        <strong><br \/>\n            <a href=\"https:\/\/actu.fr\/auteur\/gabriel-kenedi\" title=\"Consulter tous les articles de Gabriel Kenedi\" target=\"_blank\" rel=\"noopener\">Gabriel Kenedi<\/a><br \/>\n        <\/strong><\/p>\n<p>        Publi\u00e9 le<\/p>\n<p>            11 mai 2025 \u00e0 18h16        <\/p>\n<p>S\u2019il y a bien un groupe qui sait v\u00e9hiculer du plaisir et de bonnes ondes, c\u2019est bien Deluxe. Le groupe le plus moustachu de France revient avec un septi\u00e8me album intitul\u00e9 \u00ab\u00a0\u00c7a fait plaisir\u00a0\u00bb. Et pour f\u00eater \u00e7a, Deluxe a annonc\u00e9 une s\u00e9rie de concerts acoustiques sauvages\u2026 en forme de retour aux sources ! Un concert sauvage \u2013 et gratuit \u2013 aura d\u2019ailleurs lieu le vendredi 16 mai 2025 <a href=\"https:\/\/actu.fr\/toulouse\/\" target=\"_blank\" rel=\"noopener\">\u00e0 Toulouse<\/a>, en plein centre-ville. Pour \u00e9voquer cette actualit\u00e9, mais aussi le concert \u00e0 venir cet automne dans le cadre de Mecanik Paradize, l\u2019embl\u00e9matique chanteuse du groupe, <strong>Liliboy<\/strong>, a accept\u00e9 de r\u00e9pondre aux questions d\u2019Actu Toulouse. Interview !<\/p>\n<p>\u00ab\u00a0Deluxe, c\u2019est vraiment une bande de potes !\u00a0\u00bb<\/p>\n<p class=\"ac-article-content__question wall-content\"><strong class=\"color-primary\">Actu : <\/strong>Vous voil\u00e0 de retour avec un septi\u00e8me album, qui s&rsquo;appelle \u00ab\u00a0\u00c7a fait Plaisir\u00a0\u00bb.\u00a0 Pourquoi ce nom ?\u00a0\n<\/p>\n<p class=\" wall-content\"><strong class=\"color-primary\">Liliboy : <\/strong>\u00ab\u00a0Notre premier concert \u00e0 tous les six, c&rsquo;\u00e9tait il y a quinze ans, bien que l&rsquo;histoire de Deluxe remonte depuis encore plus longtemps car Kaya et Keeloo, qui sont \u00e0 la basse et \u00e0 la batterie, se connaissent depuis qu&rsquo;ils ont six ans ! Donc Deluxe, c&rsquo;est vraiment une bande de potes de longue date, que j&rsquo;ai rejoint en 2010. Ce septi\u00e8me album c\u00e9l\u00e8bre le fait qu&rsquo;on soit encore ensemble et qu&rsquo;on entretient notre vie de grouple. Je dis bien grouple comme couple !\u00a0\u00bb\u00a0<\/p>\n<p class=\"ac-article-content__question wall-content\">Et pourquoi un \u00ab\u00a0grouple\u00a0\u00bb, alors ?\u00a0\n<\/p>\n<p class=\" wall-content\"><strong class=\"color-primary\">Liliboy : <\/strong>\u00ab\u00a0On a tous conscience du temps qui passe. On a v\u00e9cu les grands moments de notre vie tous ensemble et personnellement, le temps me para\u00eet de plus en plus pr\u00e9cieux. D&rsquo;ailleurs, sur cet album, j&rsquo;ai l&rsquo;impression de m&rsquo;\u00eatre beaucoup plus livr\u00e9e, dans les textes ! Je parle vraiment de notre vie intime de grouple qui est aussi tr\u00e8s festif et qui rend hommage \u00e0 plein d&rsquo;\u00e9tapes importantes de notre histoire. Notamment avec le morceau \u00ab\u00a0All Over The Country\u00a0\u00bb, qui est un morceau d&rsquo;ouverture instrumentale. Quand on a d\u00e9but\u00e9, on vendait des CD grav\u00e9s qui portaient ce nom sur le cours Mirabeau, \u00e0 Aix-en-Provence. Car avant d&rsquo;\u00eatre programm\u00e9s dans les bars et dans les salles de concert, on vendait des CD&rsquo;s grav\u00e9s dans la rue, au chapeau !\u00a0\u00bb\u00a0<\/p>\n<p>\u00ab\u00a0Retourner voir notre public l\u00e0 o\u00f9 on l\u2019a rencontr\u00e9\u00a0\u00bb<\/p>\n<p class=\"ac-article-content__question wall-content\">Et oui, car \u00e0 vos d\u00e9buts, vous avez commenc\u00e9 par des concerts sauvages, dans la rue !\u00a0\n<\/p>\n<p class=\" wall-content\"><strong class=\"color-primary\">Liliboy : <\/strong>\u00ab\u00a0C&rsquo;\u00e9tait l&rsquo;\u00e9cole de la rue ! \u00c0 travers ces concerts, on a tous d\u00e9velopp\u00e9 notre sens du spectacle, en alpaguant des passants qui n&rsquo;avaient pas forc\u00e9ment choisi d&rsquo;\u00eatre l\u00e0 !\u00a0\u00bb\u00a0<\/p>\n<p class=\"ac-article-content__question wall-content\">Et d&rsquo;ailleurs, vous avez annonc\u00e9 une s\u00e9rie de concerts acoustiques sauvages dans plusieurs villes de France, dont Toulouse. Il y avait cette envie d&rsquo;un retour aux sources ?\u00a0\n<\/p>\n<p class=\" wall-content\"><strong class=\"color-primary\">Liliboy : <\/strong>\u00ab\u00a0Apr\u00e8s 15 ans ensemble, on a beaucoup de chance : on est produits dans de tr\u00e8s gros festivals et on a m\u00eame pu cr\u00e9er notre propre festival. On joue sur des grosses sc\u00e8nes, c&rsquo;est le m\u00e9ga luxe ! Retourner pr\u00e9senter notre album dans les rues, c&rsquo;est une petite prise de risque pour se mouiller, ne pas se cacher derri\u00e8re un show lumi\u00e8re, ne pas se cacher derri\u00e8re des crash barri\u00e8re. On avait cette envie de retourner voir notre public l\u00e0 o\u00f9 on l&rsquo;a rencontr\u00e9 ! En toute authenticit\u00e9 ! On a d\u00e9j\u00e0 fait deux concerts sur les neufs qui sont programm\u00e9s et il y a eu beaucoup de monde&#8230; mais un public tr\u00e8s familial et tr\u00e8s respectueux, tr\u00e8s sympathique ! C&rsquo;est un moment sp\u00e9cial pour nous !\u00a0\u00bb<\/p>\n<p>\u00ab\u00a0Toulouse, c\u2019est le meilleur public de France\u00a0\u00bb<\/p>\n<p class=\"ac-article-content__question wall-content\">On vous croise tr\u00e8s souvent \u00e0 Toulouse ! <\/p>\n<p class=\" wall-content\"><strong class=\"color-primary\">Liliboy : <\/strong>\u00ab\u00a0Les Toulousains ont tr\u00e8s bon go\u00fbt et pensent \u00e0 nous programmer tr\u00e8s fr\u00e9quemment. \u00c0 Toulouse, il y a toujours eu un public de fou ! Je me rappelle tout particuli\u00e8rement de nos premiers Bikini. On s&rsquo;est toujours senti les bienvenus \u00e0 Toulouse. Je pense m\u00eame que c&rsquo;est le meilleur public de France !\u00a0\u00bb\u00a0\u00a0<\/p>\n<p>\u00ab\u00a0M\u00e9canik Paradize, la cr\u00e8me de la cr\u00e8me !\u00a0\u00bb<\/p>\n<p class=\"ac-article-content__question wall-content\">Justement, vous serez de retour \u00e0 Toulouse le 2 octobre prochain, \u00e0 la Halle de La Machine, \u00e0 l&rsquo;occasion du festival M\u00e9canik Paradize. \u00a0\n<\/p>\n<p class=\" wall-content\"><strong class=\"color-primary\">Liliboy : <\/strong>\u00ab\u00a0C&rsquo;est un rendez-vous qu&rsquo;on attend avec impatience car tous les \u00e9l\u00e9ments sont r\u00e9unis pour passer une excellente soir\u00e9e. Il y aura le meilleur public de France, les automates de la Halle de La Machine, et une sc\u00e9nographie imagin\u00e9e par Fran\u00e7ois Delarozi\u00e8re\u2026 On a vraiment h\u00e2te ! C&rsquo;est la cr\u00e8me de la cr\u00e8me !\u00a0\u00bb\u00a0<\/p>\n<p class=\"ac-article-content__question wall-content\">Un petit mot sur le festival que vous organisez, les 12 et 13 septembre, chez vous, \u00e0 Aix ?\u00a0\n<\/p>\n<p class=\" wall-content\"><strong class=\"color-primary\">Liliboy : <\/strong>Le Super Moustache Festival met \u00e0 l&rsquo;honneur une programmation tr\u00e8s acoustique et tr\u00e8s live. On a s\u00e9lectionn\u00e9 des artistes qui vont proposer un v\u00e9ritable spectacle, qui se vit, qui se regarde, qui s&rsquo;hume, si je puis dire ! On a Santa, La Femme, Zoufris Maracas, Solann, Yoa, L&rsquo;Entourloope et forc\u00e9ment Deluxe ! Ca aura lieu le 12 et 13 septembre ! Ce n&rsquo;est pas aussi \u00e9norme que le Rose Festival mais c&rsquo;est clairement un r\u00eave de gosses, comme le Rose Festival ! Il faut \u00e9videmment venir tr\u00e8s d\u00e9guis\u00e9, ou tr\u00e8s moustachu. Ou les deux !\u00a0\u00bb<\/p>\n<p class=\"ac-article-content__question wall-content\">Et pour le concert en acoustique aussi, on a le droit de venir d\u00e9guiser ou moustachu ?\u00a0\n<\/p>\n<p class=\" wall-content\"><strong class=\"color-primary\">Liliboy : <\/strong>\u00ab\u00a0C&rsquo;est clairement encourag\u00e9 ! On vous traitera avec bien plus d&rsquo;amour que si vous \u00eates glabre, par exemple !\u00a0\u00bb<\/p>\n<p><a href=\"https:\/\/www.instagram.com\/deluxemoustache\/\" target=\"_blank\" rel=\"noopener\">Deluxe<\/a> en concert acoustique et gratuit \u00e0 Toulouse, vendredi 16 mai 2025, \u00e0 18 heures, place de la Trinit\u00e9. Et en concert le jeudi 2 octobre 2025, \u00e0 la Halle de La Machine, avec Biga Ranx, dans le cadre de <a href=\"https:\/\/shotgun.live\/fr\/festivals\/mecanik-paradize-jour-3\" target=\"_blank\" rel=\"noopener\">M\u00e9canik Paradize<\/a>.\u00a0<\/p>\n<p class=\" wall-content\">Suivez toute l\u2019actualit\u00e9 de vos villes et m\u00e9dias favoris en vous inscrivant \u00e0 <a href=\"https:\/\/moncompte.actu.fr\" title=\"D\u00e9couvez Mon Actu\" rel=\"nofollow noopener\" data-trk=\"{&quot;cta&quot;:{&quot;action&quot;:&quot;https:\\\/\\\/moncompte.actu.fr&quot;,&quot;category&quot;:&quot;mon compte&quot;,&quot;from&quot;:&quot;article footer&quot;,&quot;name&quot;:&quot;Mon actu&quot;,&quot;type&quot;:&quot;cta&quot;}}\" target=\"_blank\">Mon Actu<\/a>.<\/p>\n<p>                    <script async src=\"\/\/www.instagram.com\/embed.js\"><\/script><\/p>\n","protected":false},"excerpt":{"rendered":"Par Gabriel Kenedi Publi\u00e9 le 11 mai 2025 \u00e0 18h16 S\u2019il y a bien un groupe qui sait&hellip;\n","protected":false},"author":2,"featured_media":92215,"comment_status":"","ping_status":"","sticky":false,"template":"","format":"standard","meta":{"footnotes":""},"categories":[2816],"tags":[1111,11,1697,17883,1777,674,1011,27,7496,1652,12,2680,25,1341,2312],"class_list":{"0":"post-92214","1":"post","2":"type-post","3":"status-publish","4":"format-standard","5":"has-post-thumbnail","7":"category-toulouse","8":"tag-actu","9":"tag-actualites","10":"tag-concert","11":"tag-deluxe","12":"tag-eu","13":"tag-europe","14":"tag-fr","15":"tag-france","16":"tag-halle-de-la-machine","17":"tag-loisirs-culture","18":"tag-news","19":"tag-occitanie","20":"tag-republique-francaise","21":"tag-sortir-a-toulouse","22":"tag-toulouse"},"share_on_mastodon":{"url":"https:\/\/pubeurope.com\/@fr\/114490225724247663","error":""},"_links":{"self":[{"href":"https:\/\/www.europesays.com\/fr\/wp-json\/wp\/v2\/posts\/92214","targetHints":{"allow":["GET"]}}],"collection":[{"href":"https:\/\/www.europesays.com\/fr\/wp-json\/wp\/v2\/posts"}],"about":[{"href":"https:\/\/www.europesays.com\/fr\/wp-json\/wp\/v2\/types\/post"}],"author":[{"embeddable":true,"href":"https:\/\/www.europesays.com\/fr\/wp-json\/wp\/v2\/users\/2"}],"replies":[{"embeddable":true,"href":"https:\/\/www.europesays.com\/fr\/wp-json\/wp\/v2\/comments?post=92214"}],"version-history":[{"count":0,"href":"https:\/\/www.europesays.com\/fr\/wp-json\/wp\/v2\/posts\/92214\/revisions"}],"wp:featuredmedia":[{"embeddable":true,"href":"https:\/\/www.europesays.com\/fr\/wp-json\/wp\/v2\/media\/92215"}],"wp:attachment":[{"href":"https:\/\/www.europesays.com\/fr\/wp-json\/wp\/v2\/media?parent=92214"}],"wp:term":[{"taxonomy":"category","embeddable":true,"href":"https:\/\/www.europesays.com\/fr\/wp-json\/wp\/v2\/categories?post=92214"},{"taxonomy":"post_tag","embeddable":true,"href":"https:\/\/www.europesays.com\/fr\/wp-json\/wp\/v2\/tags?post=92214"}],"curies":[{"name":"wp","href":"https:\/\/api.w.org\/{rel}","templated":true}]}}