{"id":92216,"date":"2025-05-11T16:49:07","date_gmt":"2025-05-11T16:49:07","guid":{"rendered":"https:\/\/www.europesays.com\/fr\/92216\/"},"modified":"2025-05-11T16:49:07","modified_gmt":"2025-05-11T16:49:07","slug":"elle-a-le-malheur-de-le-regarder-il-linsulte-et-lui-montre-son-sexe-dans-le-metro-de-lille","status":"publish","type":"post","link":"https:\/\/www.europesays.com\/fr\/92216\/","title":{"rendered":"Elle a le malheur de le regarder, il l&rsquo;insulte et lui montre son sexe dans le m\u00e9tro de Lille"},"content":{"rendered":"<p>            Par<br \/>\n        <strong><br \/>\n            <a href=\"https:\/\/actu.fr\/auteur\/redaction-lille\" title=\"Consulter tous les articles de R\u00e9daction Lille\" rel=\"nofollow noopener\" target=\"_blank\">R\u00e9daction Lille<\/a><br \/>\n        <\/strong><\/p>\n<p>        Publi\u00e9 le<\/p>\n<p>            11 mai 2025 \u00e0 18h43        <\/p>\n<p>Mercredi 7 mai 2025, un homme de 41 ans a \u00e9t\u00e9 jug\u00e9 au tribunal de <a href=\"https:\/\/actu.fr\/lille\/\" rel=\"nofollow noopener\" target=\"_blank\">Lille<\/a> (Nord) pour exhibition sexuelle. Les faits se sont d\u00e9roul\u00e9s le 11 f\u00e9vrier dernier, dans le <a href=\"https:\/\/actu.fr\/tag\/ilevia\" rel=\"nofollow noopener\" target=\"_blank\">m\u00e9tro lillois<\/a> au niveau de <a href=\"https:\/\/actu.fr\/hauts-de-france\/lambersart_59328\" rel=\"nofollow noopener\" target=\"_blank\">Lambersart<\/a>. Fortement alcoolis\u00e9, <b>le sans-abri a insult\u00e9 puis montr\u00e9 son sexe \u00e0 une jeune femme<\/b> sous pr\u00e9texte que cette derni\u00e8re l\u2019avait \u201cregard\u00e9 m\u00e9chamment\u201d. La victime, \u201cchoqu\u00e9e\u201d, a port\u00e9 plainte. D\u00e9tails.<\/p>\n<p>\u00ab\u00a0Elle m\u2019a regard\u00e9 m\u00e9chamment\u00a0\u00bb<\/p>\n<p class=\" wall-content\">Le 11 f\u00e9vrier 2025 vers 22h15, dans le m\u00e9tro lillois \u00e0 hauteur de Lambersart, la police est appel\u00e9e par des agents de s\u00e9curit\u00e9. Eux-m\u00eames ont \u00e9t\u00e9 alert\u00e9s par une jeune femme quelques minutes plus t\u00f4t, gr\u00e2ce au signal d\u2019alarme pr\u00e9sent dans les rames du m\u00e9tro.<\/p>\n<p class=\" wall-content\">Celle-ci dit avoir \u00e9t\u00e9<b> insult\u00e9e par un homme alcoolis\u00e9 et sans-abri<\/b>, qui aurait ensuite \u201c<b>baiss\u00e9 son pantalon et tenu bri\u00e8vement son sexe dans sa main<\/b>\u201d. La victime explique avoir gifl\u00e9 et essay\u00e9 de prendre en photo l\u2019individu de 41 ans. \u00c0 leur arriv\u00e9e, les agents de s\u00e9curit\u00e9 ont trouv\u00e9 <b>la jeune femme \u201cen larmes\u201d<\/b> et ont \u00e9galement appr\u00e9hend\u00e9 l\u2019agresseur.<\/p>\n<p class=\" wall-content\">Au tribunal, le pr\u00e9venu reconna\u00eet avoir exhib\u00e9 son sexe mais selon lui, ce n\u2019est pas de sa faute. \u201c<b>Elle m\u2019a regard\u00e9 m\u00e9chamment<\/b> !\u201d se d\u00e9fend-il. L\u2019homme, dont \u201cl\u2019instabilit\u00e9 mentale\u201d a \u00e9t\u00e9 \u00e9tablie par une expertise m\u00e9dicale, minimise les faits : \u201cJ\u2019\u00e9tais fort \u00e9nerv\u00e9. Elle \u00e9tait loin, \u00e0 quinze m\u00e8tres !\u201d<\/p>\n<p class=\" wall-content\">Au tribunal, la victime n\u2019est pas pr\u00e9sente mais est repr\u00e9sent\u00e9e par son avocat. Ce dernier d\u00e9crit une <b>jeune femme \u201ctotalement traumatis\u00e9e<\/b>, qui ne veut plus entendre parler de cette histoire\u201d.<\/p>\n<p class=\" wall-content\">Malgr\u00e9 les contestations du pr\u00e9venu, la procureure rappelle la pr\u00e9sence de cam\u00e9ras de surveillance qui prouvent les faits. Elle requiert donc <b>dix mois d\u2019emprisonnement<\/b> et une <b>interdiction pour l\u2019homme de 41 ans de para\u00eetre dans le m\u00e9tro lillois pendant un an<\/b>.<\/p>\n<p class=\" wall-content\"><b>Zo\u00e9 Hondt<\/b><\/p>\n<p class=\" wall-content\">Suivez toute l\u2019actualit\u00e9 de vos villes et m\u00e9dias favoris en vous inscrivant \u00e0 <a href=\"https:\/\/moncompte.actu.fr\" title=\"D\u00e9couvez Mon Actu\" rel=\"nofollow noopener\" data-trk=\"{&quot;cta&quot;:{&quot;action&quot;:&quot;https:\\\/\\\/moncompte.actu.fr&quot;,&quot;category&quot;:&quot;mon compte&quot;,&quot;from&quot;:&quot;article footer&quot;,&quot;name&quot;:&quot;Mon actu&quot;,&quot;type&quot;:&quot;cta&quot;}}\" target=\"_blank\">Mon Actu<\/a>.<\/p>\n","protected":false},"excerpt":{"rendered":"Par R\u00e9daction Lille Publi\u00e9 le 11 mai 2025 \u00e0 18h43 Mercredi 7 mai 2025, un homme de 41&hellip;\n","protected":false},"author":2,"featured_media":92217,"comment_status":"","ping_status":"","sticky":false,"template":"","format":"standard","meta":{"footnotes":""},"categories":[2815],"tags":[1111,11,1777,674,118,1011,27,811,4288,303,1307,12,25,799],"class_list":{"0":"post-92216","1":"post","2":"type-post","3":"status-publish","4":"format-standard","5":"has-post-thumbnail","7":"category-lille","8":"tag-actu","9":"tag-actualites","10":"tag-eu","11":"tag-europe","12":"tag-faits-divers","13":"tag-fr","14":"tag-france","15":"tag-hauts-de-france","16":"tag-ilevia","17":"tag-justice","18":"tag-lille","19":"tag-news","20":"tag-republique-francaise","21":"tag-violences-sexuelles"},"share_on_mastodon":{"url":"https:\/\/pubeurope.com\/@fr\/114490229651625509","error":""},"_links":{"self":[{"href":"https:\/\/www.europesays.com\/fr\/wp-json\/wp\/v2\/posts\/92216","targetHints":{"allow":["GET"]}}],"collection":[{"href":"https:\/\/www.europesays.com\/fr\/wp-json\/wp\/v2\/posts"}],"about":[{"href":"https:\/\/www.europesays.com\/fr\/wp-json\/wp\/v2\/types\/post"}],"author":[{"embeddable":true,"href":"https:\/\/www.europesays.com\/fr\/wp-json\/wp\/v2\/users\/2"}],"replies":[{"embeddable":true,"href":"https:\/\/www.europesays.com\/fr\/wp-json\/wp\/v2\/comments?post=92216"}],"version-history":[{"count":0,"href":"https:\/\/www.europesays.com\/fr\/wp-json\/wp\/v2\/posts\/92216\/revisions"}],"wp:featuredmedia":[{"embeddable":true,"href":"https:\/\/www.europesays.com\/fr\/wp-json\/wp\/v2\/media\/92217"}],"wp:attachment":[{"href":"https:\/\/www.europesays.com\/fr\/wp-json\/wp\/v2\/media?parent=92216"}],"wp:term":[{"taxonomy":"category","embeddable":true,"href":"https:\/\/www.europesays.com\/fr\/wp-json\/wp\/v2\/categories?post=92216"},{"taxonomy":"post_tag","embeddable":true,"href":"https:\/\/www.europesays.com\/fr\/wp-json\/wp\/v2\/tags?post=92216"}],"curies":[{"name":"wp","href":"https:\/\/api.w.org\/{rel}","templated":true}]}}