{"id":92220,"date":"2025-05-11T16:51:14","date_gmt":"2025-05-11T16:51:14","guid":{"rendered":"https:\/\/www.europesays.com\/fr\/92220\/"},"modified":"2025-05-11T16:51:14","modified_gmt":"2025-05-11T16:51:14","slug":"des-orages-vont-frapper-voici-ou","status":"publish","type":"post","link":"https:\/\/www.europesays.com\/fr\/92220\/","title":{"rendered":"des orages vont frapper, voici o\u00f9"},"content":{"rendered":"<p>            Par<br \/>\n        <strong><br \/>\n            <a href=\"https:\/\/actu.fr\/auteur\/fabien-binacchi\" title=\"Consulter tous les articles de Fabien Binacchi\" target=\"_blank\" rel=\"noopener\">Fabien Binacchi<\/a><br \/>\n        <\/strong><\/p>\n<p>        Publi\u00e9 le<\/p>\n<p>            11 mai 2025 \u00e0 6h08        <\/p>\n<p>Et c\u2019est reparti pour un tour. <strong>Les accalmies se font d\u00e9cid\u00e9ment rares en ce printemps.<\/strong> Ce dimanche 11\u00a0mai 2025, <a href=\"https:\/\/actu.fr\/marseille\/\" target=\"_blank\" rel=\"noopener\">Marseille<\/a> et le d\u00e9partement des <a href=\"https:\/\/actu.fr\/provence-alpes-cote-d-azur\/bouches-du-rhone_13\" target=\"_blank\" rel=\"noopener\">Bouches-du-Rh\u00f4ne<\/a> sont \u00e0 nouveau plac\u00e9s en vigilance jaune aux \u00ab\u2009orages\u2009\u00bb par M\u00e9t\u00e9o France.<\/p>\n<p class=\" wall-content\">Voici quand la foudre doit tomber et les secteurs concern\u00e9s.<\/p>\n<p>Alerte \u00ab\u2009jusqu\u2019en milieu de nuit\u2009\u00bb<\/p>\n<p class=\" wall-content\">Le service officiel de la m\u00e9t\u00e9orologie et de la climatologie en France a d\u00e9cid\u00e9 de lancer une nouvelle alerte pour la journ\u00e9e du dimanche 11\u00a0mai 2025. Les Bouches-du-Rh\u00f4ne sont donc officiellement en vigilance jaune aux \u00ab\u2009orages\u2009\u00bb <strong>\u00e0 partir de 11h.<\/strong><\/p>\n<p class=\" wall-content\">\n<p class=\" wall-content\">Selon la pr\u00e9fecture, elle reste en vigueur \u00ab\u2009jusqu\u2019\u00e0 lundi 12\u00a0mai 2025, en milieu de nuit\u2009\u00bb. Les autorit\u00e9s appellent \u00e0 la prudence\u2009: <strong>\u00ab\u2009Soyez vigilants lors de vos d\u00e9placements\u2009!\u2009\u00bb<\/strong><\/p>\n<p>Vid\u00e9os : en ce moment sur ActuSurtout \u00e0 l\u2019ouest et au centre\u00a0<\/p>\n<p class=\" wall-content\">Concr\u00e8tement, selon les pr\u00e9visions de M\u00e9t\u00e9o-France, de la pluie est attendue sur l\u2019ensemble du territoire toute la journ\u00e9e, <strong>jusqu\u2019au lundi matin.<\/strong><\/p>\n<p class=\" wall-content\">Quant au tonnerre et aux \u00e9clairs, ils sont notamment pr\u00e9vus entre l\u2019apr\u00e8s-midi et le soir, ce dimanche, sur une large zone des Bouches-du-Rh\u00f4ne, <strong>surtout \u00e0 l\u2019ouest et dans la partie centrale du d\u00e9partement.<\/strong> Vitrolles, Istres, Salon-de-Provence, Arles, Port-Saint-Louis-du-Rh\u00f4ne et les Saintes-Maries-de-la-Mer sont ainsi concern\u00e9s.<\/p>\n<p class=\" wall-content\">\u00c0 Marseille, les cumuls de pluie devraient rester limit\u00e9s.<\/p>\n<p class=\" wall-content\">Les temp\u00e9ratures oscilleront <strong>entre 15\u00b0C et 20\u00b0C.<\/strong><\/p>\n<p class=\" wall-content\">Suivez toute l\u2019actualit\u00e9 de vos villes et m\u00e9dias favoris en vous inscrivant \u00e0 <a href=\"https:\/\/moncompte.actu.fr\" title=\"D\u00e9couvez Mon Actu\" rel=\"nofollow noopener\" data-trk=\"{&quot;cta&quot;:{&quot;action&quot;:&quot;https:\\\/\\\/moncompte.actu.fr&quot;,&quot;category&quot;:&quot;mon compte&quot;,&quot;from&quot;:&quot;article footer&quot;,&quot;name&quot;:&quot;Mon actu&quot;,&quot;type&quot;:&quot;cta&quot;}}\" target=\"_blank\">Mon Actu<\/a>.<\/p>\n","protected":false},"excerpt":{"rendered":"Par Fabien Binacchi Publi\u00e9 le 11 mai 2025 \u00e0 6h08 Et c\u2019est reparti pour un tour. Les accalmies&hellip;\n","protected":false},"author":2,"featured_media":92221,"comment_status":"","ping_status":"","sticky":false,"template":"","format":"standard","meta":{"footnotes":""},"categories":[2814],"tags":[1111,11,1777,674,1011,27,884,2487,2357,12,4594,882,25],"class_list":{"0":"post-92220","1":"post","2":"type-post","3":"status-publish","4":"format-standard","5":"has-post-thumbnail","7":"category-marseille","8":"tag-actu","9":"tag-actualites","10":"tag-eu","11":"tag-europe","12":"tag-fr","13":"tag-france","14":"tag-marseille","15":"tag-meteo","16":"tag-meteo-france","17":"tag-news","18":"tag-orages","19":"tag-provence-alpes-cote-dazur","20":"tag-republique-francaise"},"share_on_mastodon":{"url":"https:\/\/pubeurope.com\/@fr\/114490237480378686","error":""},"_links":{"self":[{"href":"https:\/\/www.europesays.com\/fr\/wp-json\/wp\/v2\/posts\/92220","targetHints":{"allow":["GET"]}}],"collection":[{"href":"https:\/\/www.europesays.com\/fr\/wp-json\/wp\/v2\/posts"}],"about":[{"href":"https:\/\/www.europesays.com\/fr\/wp-json\/wp\/v2\/types\/post"}],"author":[{"embeddable":true,"href":"https:\/\/www.europesays.com\/fr\/wp-json\/wp\/v2\/users\/2"}],"replies":[{"embeddable":true,"href":"https:\/\/www.europesays.com\/fr\/wp-json\/wp\/v2\/comments?post=92220"}],"version-history":[{"count":0,"href":"https:\/\/www.europesays.com\/fr\/wp-json\/wp\/v2\/posts\/92220\/revisions"}],"wp:featuredmedia":[{"embeddable":true,"href":"https:\/\/www.europesays.com\/fr\/wp-json\/wp\/v2\/media\/92221"}],"wp:attachment":[{"href":"https:\/\/www.europesays.com\/fr\/wp-json\/wp\/v2\/media?parent=92220"}],"wp:term":[{"taxonomy":"category","embeddable":true,"href":"https:\/\/www.europesays.com\/fr\/wp-json\/wp\/v2\/categories?post=92220"},{"taxonomy":"post_tag","embeddable":true,"href":"https:\/\/www.europesays.com\/fr\/wp-json\/wp\/v2\/tags?post=92220"}],"curies":[{"name":"wp","href":"https:\/\/api.w.org\/{rel}","templated":true}]}}