{"id":92226,"date":"2025-05-11T16:54:09","date_gmt":"2025-05-11T16:54:09","guid":{"rendered":"https:\/\/www.europesays.com\/fr\/92226\/"},"modified":"2025-05-11T16:54:09","modified_gmt":"2025-05-11T16:54:09","slug":"ils-se-sont-reunis-contre-lislamophobie","status":"publish","type":"post","link":"https:\/\/www.europesays.com\/fr\/92226\/","title":{"rendered":"ils se sont r\u00e9unis contre l\u2019islamophobie"},"content":{"rendered":"<p>\u00ab\u00a0Il ne faut pas que l\u2019on consid\u00e8re l\u2019islamophobie comme quelque chose qui n\u2019existe pas en France. On a l\u2019impression que ce n\u2019est pas pris en consid\u00e9ration par l\u2019Etat\u00a0\u00bb\u00a0: c\u2019est ce que tenait \u00e0 souligner Sophie, membre de LFI et participante au rassemblement contre l\u2019islamophobie, organis\u00e9 ce dimanche \u00e0 Lyon sur la place des Terreaux, \u00e0 l\u2019initiative du collectif \u00ab\u00a0On s\u2019en m\u00eale 69\u00a0\u00bb, avec entre autres, La France Insoumise, le NPA et des associations de soutien au peuple palestinien.<\/p>\n<p>Venus rendre hommage \u00e0 Aboubakar Ciss\u00e9, assassin\u00e9 dans une mosqu\u00e9e du Gard le 25\u00a0avril, les 500 participants selon les organisateurs (200 d\u2019apr\u00e8s la Pr\u00e9fecture du Rh\u00f4ne) avaient de nombreux messages \u00e0 faire passer.<\/p>\n<p>  \u00ab\u00a0Un message d\u2019espoir\u00a0\u00bb<\/p>\n<p>\u00ab\u00a0Je suis contente de voir qu\u2019il y a un peu de lutte. On est d\u00e9pass\u00e9s par la mont\u00e9e du fascisme\u00a0\u00bb, a estim\u00e9 Anita, jeune Lyonnaise de 21 ans, tomb\u00e9e sur le rassemblement par hasard et qui s\u2019est attard\u00e9e. \u00ab\u00a0Il y a l\u2019hommage par rapport \u00e0 Aboubakar. Pour sa famille, c\u2019est important\u00a0\u00bb, a exprim\u00e9 Eva, 18 ans, qui met aussi en avant la lutte contre le racisme\u00a0: \u00ab\u00a0Il y a aujourd\u2019hui un message d\u2019espoir\u00a0\u00bb.<\/p>\n<p>Au micro, au nom du collectif organisateur, Tammouz Al-Douri a d\u00e9nonc\u00e9 \u00ab\u00a0un processus d\u2019invisibilisation des crimes racistes\u00a0\u00bb, s\u2019\u00e9tonnant, \u00e0 propos de\u00a0<a href=\"https:\/\/www.leprogres.fr\/faits-divers-justice\/2025\/05\/09\/meurtre-dans-une-mosquee-le-mis-en-cause-transfere-en-france-ce-vendredi\" target=\"_blank\" rel=\"noopener\">l\u2019affaire Aboubakar Ciss\u00e9<\/a>\u00a0, que le parquet national antiterroriste ne s\u2019en soit pas saisi. \u00ab\u00a0Nous sommes venus dire, \u00e7a suffit [\u2026]. Parmi tous les racismes, un doit susciter une attention particuli\u00e8re, c\u2019est l\u2019islamophobie\u00a0\u00bb a-t-il poursuivi, appelant la population \u00e0 s\u2019emparer des urnes\u00a0: \u00ab\u00a0Le probl\u00e8me du racisme est politique, la solution est politique. Nous avons un message de combat aujourd\u2019hui\u00a0\u00bb.<\/p>\n","protected":false},"excerpt":{"rendered":"\u00ab\u00a0Il ne faut pas que l\u2019on consid\u00e8re l\u2019islamophobie comme quelque chose qui n\u2019existe pas en France. On a&hellip;\n","protected":false},"author":2,"featured_media":92227,"comment_status":"","ping_status":"","sticky":false,"template":"","format":"standard","meta":{"footnotes":""},"categories":[1889],"tags":[1111,11,2430,2757,1777,674,1011,27,2428,2756,12,316,25,2429,3151,104],"class_list":{"0":"post-92226","1":"post","2":"type-post","3":"status-publish","4":"format-standard","5":"has-post-thumbnail","7":"category-lyon","8":"tag-actu","9":"tag-actualites","10":"tag-auvergne-rhone-alpes","11":"tag-edition-lyon-villeurbanne","12":"tag-eu","13":"tag-europe","14":"tag-fr","15":"tag-france","16":"tag-lyon","17":"tag-lyon-bassin","18":"tag-news","19":"tag-politique","20":"tag-republique-francaise","21":"tag-rhone","22":"tag-selection-de-la-redaction-69","23":"tag-societe"},"share_on_mastodon":{"url":"https:\/\/pubeurope.com\/@fr\/114490249250180052","error":""},"_links":{"self":[{"href":"https:\/\/www.europesays.com\/fr\/wp-json\/wp\/v2\/posts\/92226","targetHints":{"allow":["GET"]}}],"collection":[{"href":"https:\/\/www.europesays.com\/fr\/wp-json\/wp\/v2\/posts"}],"about":[{"href":"https:\/\/www.europesays.com\/fr\/wp-json\/wp\/v2\/types\/post"}],"author":[{"embeddable":true,"href":"https:\/\/www.europesays.com\/fr\/wp-json\/wp\/v2\/users\/2"}],"replies":[{"embeddable":true,"href":"https:\/\/www.europesays.com\/fr\/wp-json\/wp\/v2\/comments?post=92226"}],"version-history":[{"count":0,"href":"https:\/\/www.europesays.com\/fr\/wp-json\/wp\/v2\/posts\/92226\/revisions"}],"wp:featuredmedia":[{"embeddable":true,"href":"https:\/\/www.europesays.com\/fr\/wp-json\/wp\/v2\/media\/92227"}],"wp:attachment":[{"href":"https:\/\/www.europesays.com\/fr\/wp-json\/wp\/v2\/media?parent=92226"}],"wp:term":[{"taxonomy":"category","embeddable":true,"href":"https:\/\/www.europesays.com\/fr\/wp-json\/wp\/v2\/categories?post=92226"},{"taxonomy":"post_tag","embeddable":true,"href":"https:\/\/www.europesays.com\/fr\/wp-json\/wp\/v2\/tags?post=92226"}],"curies":[{"name":"wp","href":"https:\/\/api.w.org\/{rel}","templated":true}]}}