{"id":92228,"date":"2025-05-11T16:56:09","date_gmt":"2025-05-11T16:56:09","guid":{"rendered":"https:\/\/www.europesays.com\/fr\/92228\/"},"modified":"2025-05-11T16:56:09","modified_gmt":"2025-05-11T16:56:09","slug":"feminicide-manifestation-de-lextreme-droite-dj-snake-les-infos-du-week-end-en-ile-de-france","status":"publish","type":"post","link":"https:\/\/www.europesays.com\/fr\/92228\/","title":{"rendered":"F\u00e9minicide, manifestation de l&rsquo;extr\u00eame droite, DJ Snake&#8230; Les infos du week-end en \u00cele-de-France"},"content":{"rendered":"<p>            Par<br \/>\n        <strong><br \/>\n            <a href=\"https:\/\/actu.fr\/auteur\/antoine-grotteria02\" title=\"Consulter tous les articles de Antoine Grotteria\" target=\"_blank\" rel=\"noopener\">Antoine Grotteria<\/a><br \/>\n        <\/strong><\/p>\n<p>        Publi\u00e9 le<\/p>\n<p>            11 mai 2025 \u00e0 18h16        <\/p>\n<p>Un nouveau <strong>f\u00e9minicide<\/strong> en \u00cele-de-France. Ce vendredi 9 mai 2025, une femme a \u00e9t\u00e9 retrouv\u00e9e morte \u00e0 son domicile situ\u00e9 \u00e0 <a href=\"https:\/\/actu.fr\/ile-de-france\/chevilly-larue_94021\" target=\"_blank\" rel=\"noopener\">Chevilly-Larue<\/a>, dans le <a href=\"https:\/\/actu.fr\/ile-de-france\/val-de-marne_94\" target=\"_blank\" rel=\"noopener\">Val-de-Marne<\/a>. Son \u00e9poux a \u00e9t\u00e9 plac\u00e9 en <strong>garde \u00e0 vue<\/strong>. Une enqu\u00eate est en cours.\u00a0<\/p>\n<p class=\" wall-content\">Il s\u2019agit de l\u2019une des <strong>principales informations<\/strong> de ce week-end du samedi 10 et du dimanche 11 mai 2025. Voici le reste de l\u2019actualit\u00e9.\u00a0<\/p>\n<p>Les infos marquantes du week-end \u00e0 Paris et en \u00cele-de-France<\/p>\n<p class=\" wall-content\"><strong>Val-de-Marne. <\/strong><a title=\"Lire l&#039;article\" href=\"https:\/\/actu.fr\/ile-de-france\/chevilly-larue_94021\/femme-retrouvee-morte-et-menottee-dans-le-val-de-marne-son-mari-soupconne-d-etre-le-meurtrier_62618010.html\" target=\"_blank\" rel=\"noopener\"><strong>Femme retrouv\u00e9e morte et menott\u00e9e dans le Val-de-Marne : son mari soup\u00e7onn\u00e9 d\u2019\u00eatre le meurtrier<\/strong><\/a><br \/>Un homme est soup\u00e7onn\u00e9 d\u2019avoir tu\u00e9 sa femme \u00e0 Chevilly-Larue dans le Val-de-Marne. Il aurait pr\u00e9venu un de ses enfants par SMS.<\/p>\n<p class=\" wall-content\"><strong>Paris. <\/strong><a title=\"Lire l&#039;article\" href=\"https:\/\/actu.fr\/ile-de-france\/paris_75056\/video-vetus-de-noir-et-le-visage-masque-plusieurs-centaines-de-militants-d-ultradroite-defilent-dans-paris_62618998.html\" target=\"_blank\" rel=\"noopener\"><strong>VIDEO. V\u00eatus de noir et le visage masqu\u00e9, plusieurs centaines de militants d\u2019ultradroite d\u00e9filent dans Paris<\/strong><\/a><br \/>Des membres du groupe d\u2019extr\u00eame droite \u00ab Comit\u00e9 du 9 Mai \u00bb ont d\u00e9fil\u00e9 dans la capitale ce samedi 10 mai 2025. Une manifestation initialement refus\u00e9e par le pr\u00e9fet de police.<\/p>\n<p class=\" wall-content\"><strong>Seine-Saint-Denis. <\/strong><a title=\"Lire l&#039;article\" href=\"https:\/\/actu.fr\/ile-de-france\/saint-denis_93066\/video-concert-de-dj-snake-l-artiste-secoue-le-stade-de-france-avec-son-mur-de-la-mort_62619575.html\" target=\"_blank\" rel=\"noopener\"><strong>VID\u00c9O. Concert de DJ Snake : l\u2019artiste secoue le Stade de France avec son \u00ab\u00a0mur de la mort\u00a0\u00bb<\/strong><\/a><br \/>L\u2019artiste fran\u00e7ais de 38 ans a r\u00e9uni 80 000 personnes dans l\u2019enceinte dionysienne, ce samedi 10 mai 2025. Un spectacle sublim\u00e9 par un \u00ab\u00a0mur de la mort\u00a0\u00bb organis\u00e9 dans la fosse.<\/p>\n<p>Vid\u00e9os : en ce moment sur Actu<\/p>\n<p class=\" wall-content\"><strong>Hauts-de-Seine. <\/strong><a title=\"Lire l&#039;article\" href=\"https:\/\/actu.fr\/ile-de-france\/asnieres-sur-seine_92004\/la-couture-c-est-de-l-art-a-87-ans-abdeslam-sahban-tailleur-passionne-continue-a-habiller-asnieres_62612333.html\" target=\"_blank\" rel=\"noopener\"><strong>\u00ab\u00a0La couture c\u2019est de l\u2019art\u00a0\u00bb : \u00e0 87 ans, Abdeslam Sahban, tailleur passionn\u00e9, continue \u00e0 habiller Asni\u00e8res<\/strong><\/a><br \/>Depuis 66 ans, Abdeslam Sahban, tailleur \u00e0 Asni\u00e8res-sur-Seine, perp\u00e9tue un savoir-faire devenu rare. \u00c0 87 ans, il travaille encore chaque jour, par passion et par conviction.<\/p>\n<p class=\" wall-content\"><strong>Val-d\u2019Oise. <\/strong><a title=\"Lire l&#039;article\" href=\"https:\/\/actu.fr\/ile-de-france\/saint-gratien_95555\/val-doise-70-pompiers-mobilises-pour-un-incendie-dans-un-parking-souterrain_62619150.html\" target=\"_blank\" rel=\"noopener\"><strong>Val-d\u2019Oise : 70 pompiers mobilis\u00e9s pour un incendie dans un parking souterrain<\/strong><\/a><br \/>Trois v\u00e9hicules ont pris feu dans un parking souterrain, \u00e0 Saint-Gratien (Val-d\u2019Oise).<\/p>\n<p class=\" wall-content\"><strong>Seine-et-Marne. <\/strong><a title=\"Lire l&#039;article\" href=\"https:\/\/actu.fr\/ile-de-france\/saint-mammes_77419\/pourquoi-ce-celebre-stade-de-foot-espagnol-porte-t-il-le-meme-nom-quun-village-de-seine-et-marne_62615804.html\" target=\"_blank\" rel=\"noopener\"><strong>Pourquoi ce c\u00e9l\u00e8bre stade de foot espagnol porte-t-il le m\u00eame nom qu\u2019un village de Seine-et-Marne ?<\/strong><\/a><br \/>Stade de la ville de Bilbao, San Mam\u00e9s est la traduction espagnole de Saint-Mamm\u00e8s, petit village du sud de la Seine-et-Marne. Une particularit\u00e9 li\u00e9e \u00e0 une histoire tr\u00e8s ancienne.<\/p>\n<p class=\" wall-content\"><strong>Essonne. <\/strong><a title=\"Lire l&#039;article\" href=\"https:\/\/actu.fr\/ile-de-france\/corbeil-essonnes_91174\/essonne-face-aux-inondations-cette-ville-multiplie-les-bassins-enfouis-de-retention-des-eaux-de-pluie_62602333.html\" target=\"_blank\" rel=\"noopener\"><strong>Essonne : face aux inondations, cette ville multiplie les bassins enfouis de r\u00e9tention des eaux de pluie<\/strong><\/a><br \/>Ces bassins ont pour r\u00f4le de retenir les eaux de pluie sur les hauteurs de la ville afin qu\u2019elles ne se d\u00e9versent pas vers l\u2019Essonne et la Seine, et ainsi limiter les inondations.<\/p>\n<p class=\" wall-content\"><strong>Suivez-nous pour en savoir plus !<\/strong><\/p>\n<p class=\" wall-content\">Paris : retrouvez\u00a0actu Paris\u00a0sur\u00a0<a href=\"https:\/\/www.facebook.com\/actufr.paris\/\" target=\"_blank\" rel=\"noopener\">Facebook\u00a0<\/a>et\u00a0<a href=\"https:\/\/x.com\/actufrparis\">Twitter\u00a0<\/a>;<br \/>Seine-et-Marne : retrouvez\u00a0La R\u00e9publique de Seine-et-Marne\u00a0(sud) sur\u00a0<a href=\"https:\/\/www.facebook.com\/RepubliqueSeineMarne\/\" target=\"_blank\" rel=\"noopener\">Facebook\u00a0<\/a>et\u00a0<a href=\"https:\/\/x.com\/JournalLaMarne\">Twitter\u00a0<\/a>;\u00a0La Marne\u00a0(nord) sur\u00a0<a href=\"https:\/\/www.facebook.com\/RepubliqueSeineMarne\/\" target=\"_blank\" rel=\"noopener\">Facebook\u00a0<\/a>et\u00a0<a href=\"https:\/\/x.com\/JournalLaMarne\">Twitter\u00a0<\/a>; et\u00a0Le Pays Briard\u00a0sur\u00a0<a href=\"https:\/\/www.facebook.com\/LePaysBriard\/?ref=bookmarks\" target=\"_blank\" rel=\"noopener\">Facebook\u00a0<\/a>et\u00a0<a href=\"https:\/\/x.com\/LePaysBriard\">Twitter\u00a0<\/a>;<br \/>Yvelines : retrouvez\u00a078actu\u00a0sur\u00a0<a href=\"https:\/\/www.facebook.com\/78actu?locale=fr_FR\" target=\"_blank\" rel=\"noopener\">Facebook\u00a0<\/a>et\u00a0<a href=\"https:\/\/x.com\/78actu\">Twitter\u00a0<\/a>;<br \/>Essonne : retrouvez\u00a0actu Essonne\u00a0sur\u00a0<a href=\"https:\/\/www.facebook.com\/actuessonne\/?ref=br_rs\" target=\"_blank\" rel=\"noopener\">Facebook\u00a0<\/a>et\u00a0<a href=\"https:\/\/x.com\/ActuEssonne\">Twitter\u00a0<\/a>;<br \/>Hauts-de-Seine : retrouvez\u00a0actu Hauts-de-Seine\u00a0sur\u00a0<a href=\"https:\/\/www.facebook.com\/actufr.hautsdeseine\/\" target=\"_blank\" rel=\"noopener\">Facebook\u00a0<\/a>et\u00a0<a href=\"https:\/\/x.com\/actufr92\">Twitter\u00a0<\/a>;<br \/>Seine-Saint-Denis : retrouvez\u00a0actu Seine-Saint-Denis\u00a0sur\u00a0<a href=\"https:\/\/www.facebook.com\/actu94.valdemarne\/\" target=\"_blank\" rel=\"noopener\">Facebook\u00a0<\/a>et\u00a0<a href=\"https:\/\/x.com\/actufr93\">Twitter\u00a0<\/a>;<br \/>Val-de-Marne : retrouvez\u00a0actu Val-de-Marne\u00a0sur\u00a0<a href=\"https:\/\/www.facebook.com\/actu94.valdemarne\/\" target=\"_blank\" rel=\"noopener\">Facebook\u00a0<\/a>et\u00a0<a href=\"https:\/\/x.com\/actufr94\">Twitter\u00a0<\/a>;<br \/>Val-d\u2019Oise : retrouvez\u00a0La Gazette du Val-d\u2019Oise\u00a0sur\u00a0<a href=\"https:\/\/www.facebook.com\/lagazetteduvaldoise\/\" target=\"_blank\" rel=\"noopener\">Facebook<\/a>.<\/p>\n<p class=\" wall-content\">Suivez toute l\u2019actualit\u00e9 de vos villes et m\u00e9dias favoris en vous inscrivant \u00e0 <a href=\"https:\/\/moncompte.actu.fr\" title=\"D\u00e9couvez Mon Actu\" rel=\"nofollow noopener\" data-trk=\"{&quot;cta&quot;:{&quot;action&quot;:&quot;https:\\\/\\\/moncompte.actu.fr&quot;,&quot;category&quot;:&quot;mon compte&quot;,&quot;from&quot;:&quot;article footer&quot;,&quot;name&quot;:&quot;Mon actu&quot;,&quot;type&quot;:&quot;cta&quot;}}\" target=\"_blank\">Mon Actu<\/a>.<\/p>\n","protected":false},"excerpt":{"rendered":"Par Antoine Grotteria Publi\u00e9 le 11 mai 2025 \u00e0 18h16 Un nouveau f\u00e9minicide en \u00cele-de-France. Ce vendredi 9&hellip;\n","protected":false},"author":2,"featured_media":92229,"comment_status":"","ping_status":"","sticky":false,"template":"","format":"standard","meta":{"footnotes":""},"categories":[1592],"tags":[1111,11,1697,1777,674,3555,1011,27,662,1272,12,626,25,104],"class_list":{"0":"post-92228","1":"post","2":"type-post","3":"status-publish","4":"format-standard","5":"has-post-thumbnail","7":"category-ile-de-france","8":"tag-actu","9":"tag-actualites","10":"tag-concert","11":"tag-eu","12":"tag-europe","13":"tag-feminicide","14":"tag-fr","15":"tag-france","16":"tag-ile-de-france","17":"tag-manifestations","18":"tag-news","19":"tag-paris","20":"tag-republique-francaise","21":"tag-societe"},"share_on_mastodon":{"url":"https:\/\/pubeurope.com\/@fr\/114490257409400028","error":""},"_links":{"self":[{"href":"https:\/\/www.europesays.com\/fr\/wp-json\/wp\/v2\/posts\/92228","targetHints":{"allow":["GET"]}}],"collection":[{"href":"https:\/\/www.europesays.com\/fr\/wp-json\/wp\/v2\/posts"}],"about":[{"href":"https:\/\/www.europesays.com\/fr\/wp-json\/wp\/v2\/types\/post"}],"author":[{"embeddable":true,"href":"https:\/\/www.europesays.com\/fr\/wp-json\/wp\/v2\/users\/2"}],"replies":[{"embeddable":true,"href":"https:\/\/www.europesays.com\/fr\/wp-json\/wp\/v2\/comments?post=92228"}],"version-history":[{"count":0,"href":"https:\/\/www.europesays.com\/fr\/wp-json\/wp\/v2\/posts\/92228\/revisions"}],"wp:featuredmedia":[{"embeddable":true,"href":"https:\/\/www.europesays.com\/fr\/wp-json\/wp\/v2\/media\/92229"}],"wp:attachment":[{"href":"https:\/\/www.europesays.com\/fr\/wp-json\/wp\/v2\/media?parent=92228"}],"wp:term":[{"taxonomy":"category","embeddable":true,"href":"https:\/\/www.europesays.com\/fr\/wp-json\/wp\/v2\/categories?post=92228"},{"taxonomy":"post_tag","embeddable":true,"href":"https:\/\/www.europesays.com\/fr\/wp-json\/wp\/v2\/tags?post=92228"}],"curies":[{"name":"wp","href":"https:\/\/api.w.org\/{rel}","templated":true}]}}