{"id":92232,"date":"2025-05-11T16:58:09","date_gmt":"2025-05-11T16:58:09","guid":{"rendered":"https:\/\/www.europesays.com\/fr\/92232\/"},"modified":"2025-05-11T16:58:09","modified_gmt":"2025-05-11T16:58:09","slug":"le-chauffeur-de-vtc-qui-a-renverse-des-supporters-du-psg-mis-en-examen","status":"publish","type":"post","link":"https:\/\/www.europesays.com\/fr\/92232\/","title":{"rendered":"Le chauffeur de VTC qui a renvers\u00e9 des supporters du PSG mis en examen"},"content":{"rendered":"<p><strong>Contr\u00f4le judiciaire &#8211; Selon son avocat, le chauffeur aurait paniqu\u00e9 apr\u00e8s s\u2019\u00eatre retrouv\u00e9 au milieu d\u2019une foule de supporters. Trois supporters ont \u00e9t\u00e9 bless\u00e9s dont un mineur hospitalis\u00e9 avec un pronostic vital engag\u00e9<\/strong><\/p>\n<p>Le <a href=\"https:\/\/www.20minutes.fr\/dossier\/vtc?at_medium=RSS+feed&amp;at_campaign=ynews&amp;utm_source=yahoo&amp;utm_medium=rss&amp;utm_campaign=news_feed&amp;utm_content=in_article_link\" rel=\"nofollow noopener\" target=\"_blank\" data-ylk=\"slk:chauffeur de VTC;elm:context_link;itc:0;sec:content-canvas\" class=\"link \">chauffeur de VTC<\/a> qui a renvers\u00e9, mercredi soir, trois supporters du <a href=\"https:\/\/www.20minutes.fr\/sport\/psg\/?at_medium=RSS+feed&amp;at_campaign=ynews&amp;utm_source=yahoo&amp;utm_medium=rss&amp;utm_campaign=news_feed&amp;utm_content=in_article_link\" rel=\"nofollow noopener\" target=\"_blank\" data-ylk=\"slk:PSG;elm:context_link;itc:0;sec:content-canvas\" class=\"link \">PSG<\/a> c\u00e9l\u00e9brant la victoire de leur club en <a href=\"https:\/\/www.20minutes.fr\/sport\/ligue_des_champions\/?at_medium=RSS+feed&amp;at_campaign=ynews&amp;utm_source=yahoo&amp;utm_medium=rss&amp;utm_campaign=news_feed&amp;utm_content=in_article_link\" rel=\"nofollow noopener\" target=\"_blank\" data-ylk=\"slk:Ligue des champions;elm:context_link;itc:0;sec:content-canvas\" class=\"link \">Ligue des champions<\/a> a \u00e9t\u00e9 mis en examen ce dimanche et plac\u00e9 sous contr\u00f4le judiciaire, a indiqu\u00e9 le parquet de <a href=\"https:\/\/www.20minutes.fr\/paris\/?at_medium=RSS+feed&amp;at_campaign=ynews&amp;utm_source=yahoo&amp;utm_medium=rss&amp;utm_campaign=news_feed&amp;utm_content=in_article_link\" rel=\"nofollow noopener\" target=\"_blank\" data-ylk=\"slk:Paris;elm:context_link;itc:0;sec:content-canvas\" class=\"link \">Paris<\/a>.<\/p>\n<p>\u00ab\u00a0Le conducteur a \u00e9t\u00e9 mis en examen ce jour des chefs de violence avec arme par destination suivie d\u2019incapacit\u00e9\u00a0\u00bb sup\u00e9rieure ou inf\u00e9rieure \u00e0 8 jours selon les bless\u00e9s, \u00ab\u00a0d\u00e9lit de fuite, usage de stup\u00e9fiants et conduite malgr\u00e9 invalidation du permis de conduire\u00a0\u00bb, a pr\u00e9cis\u00e9 le <a href=\"https:\/\/www.20minutes.fr\/dossier\/parquet_de_paris?at_medium=RSS+feed&amp;at_campaign=ynews&amp;utm_source=yahoo&amp;utm_medium=rss&amp;utm_campaign=news_feed&amp;utm_content=in_article_link\" rel=\"nofollow noopener\" target=\"_blank\" data-ylk=\"slk:minist\u00e8re public;elm:context_link;itc:0;sec:content-canvas\" class=\"link \">minist\u00e8re public<\/a>.<\/p>\n<p>Le chauffeur aurait \u00ab\u00a0paniqu\u00e9\u00a0\u00bb selon son avocat<\/p>\n<p>Il a \u00e9t\u00e9 plac\u00e9 sous contr\u00f4le judiciaire avec notamment interdiction de conduire des v\u00e9hicules et a fortiori d\u2019exercer comme chauffeur VTC.<\/p>\n<p>Mercredi soir, le chauffeur s\u2019est retrouv\u00e9 au milieu d\u2019une foule de supporters qui s\u2019en seraient pris \u00e0 son v\u00e9hicule, et il aurait donc \u00ab\u00a0paniqu\u00e9\u00a0\u00bb et appuy\u00e9 sur l\u2019acc\u00e9l\u00e9rateur, selon son avocat Me Hedi Dakhlaoui, sollicit\u00e9 par l\u2019AFP.<\/p>\n<p>Trois supporters ont \u00e9t\u00e9 bless\u00e9s, dont un mineur gri\u00e8vement, transport\u00e9 \u00e0 l\u2019h\u00f4pital avec un pronostic vital engag\u00e9. Il \u00e9tait toujours hospitalis\u00e9 jeudi soir selon le parquet de Paris, qui n\u2019a pas pr\u00e9cis\u00e9 depuis son \u00e9tat.<\/p>\n<p>Le chauffeur se pr\u00e9sente de lui-m\u00eame<\/p>\n<p>Au moins un des trois supporters a port\u00e9 plainte, a appris l\u2019AFP de source polici\u00e8re. Le chauffeur de VTC s\u2019est pr\u00e9sent\u00e9 jeudi aux autorit\u00e9s et a \u00e9t\u00e9 plac\u00e9 en <a href=\"https:\/\/www.20minutes.fr\/dossier\/garde_a_vue?at_medium=RSS+feed&amp;at_campaign=ynews&amp;utm_source=yahoo&amp;utm_medium=rss&amp;utm_campaign=news_feed&amp;utm_content=in_article_link\" rel=\"nofollow noopener\" target=\"_blank\" data-ylk=\"slk:garde \u00e0 vue;elm:context_link;itc:0;sec:content-canvas\" class=\"link \">garde \u00e0 vue<\/a>, dans une enqu\u00eate confi\u00e9e \u00e0 la S\u00fbret\u00e9 territoriale par le parquet de Paris.<\/p>\n<p>Sa garde \u00e0 vue a \u00e9t\u00e9 lev\u00e9e samedi soir et il(&#8230;)<\/p>\n<p><a href=\"https:\/\/www.20minutes.fr\/faits_divers\/4152808-20250511-paris-chauffeur-vtc-renverse-supporters-psg-mis-examen?at_medium=RSS+feed&amp;at_campaign=ynews&amp;utm_source=yahoo&amp;utm_medium=rss&amp;utm_campaign=news_feed&amp;utm_content=read_more_link&quot;\" rel=\"nofollow noopener\" target=\"_blank\" data-ylk=\"slk:Lire la suite sur 20minutes;elm:context_link;itc:0;sec:content-canvas\" class=\"link \">Lire la suite sur 20minutes<\/a><\/p>\n<p>\u00c0 lire aussi :<br \/><a href=\"https:\/\/www.20minutes.fr\/sport\/football\/4138582-20250213-psg-nasser-al-khelaifi-mis-examen-complicite-abus-pouvoir-affaire-lagardere?at_medium=RSS+feed&amp;at_campaign=ynews&amp;utm_source=yahoo&amp;utm_medium=rss&amp;utm_campaign=news_feed&amp;utm_content=related_content_link\" rel=\"nofollow noopener\" target=\"_blank\" data-ylk=\"slk:PSG\u00a0: Nasser Al-Khela\u00effi mis en examen pour complicit\u00e9 d\u2019abus de pouvoir dans l\u2019affaire Lagard\u00e8re;elm:context_link;itc:0;sec:content-canvas\" class=\"link \">PSG\u00a0: Nasser Al-Khela\u00effi mis en examen pour complicit\u00e9 d\u2019abus de pouvoir dans l\u2019affaire Lagard\u00e8re<\/a><br \/><a href=\"https:\/\/www.20minutes.fr\/sport\/football\/ligue_des_champions\/4147765-20250409-psg-aston-villa-fight-entre-supporters-eclate-rues-paris-veille-match?at_medium=RSS+feed&amp;at_campaign=ynews&amp;utm_source=yahoo&amp;utm_medium=rss&amp;utm_campaign=news_feed&amp;utm_content=related_content_link\" rel=\"nofollow noopener\" target=\"_blank\" data-ylk=\"slk:PSG - Aston Villa\u00a0: Une \u00ab\u00a0fight\u00a0\u00bb entre supporters \u00e9clate dans les rues de Paris \u00e0 la veille du match;elm:context_link;itc:0;sec:content-canvas\" class=\"link \">PSG &#8211; Aston Villa\u00a0: Une \u00ab\u00a0fight\u00a0\u00bb entre supporters \u00e9clate dans les rues de Paris \u00e0 la veille du match<\/a><\/p>\n","protected":false},"excerpt":{"rendered":"Contr\u00f4le judiciaire &#8211; Selon son avocat, le chauffeur aurait paniqu\u00e9 apr\u00e8s s\u2019\u00eatre retrouv\u00e9 au milieu d\u2019une foule de&hellip;\n","protected":false},"author":2,"featured_media":92233,"comment_status":"","ping_status":"","sticky":false,"template":"","format":"standard","meta":{"footnotes":""},"categories":[1888],"tags":[1111,1928,11,1927,784,20389,1777,674,1011,27,447,12,1926,626,1925,11682,93,25],"class_list":{"0":"post-92232","1":"post","2":"type-post","3":"status-publish","4":"format-standard","5":"has-post-thumbnail","7":"category-paris","8":"tag-actu","9":"tag-actu-paris","10":"tag-actualites","11":"tag-actualites-paris","12":"tag-aston-villa","13":"tag-controle-judiciaire","14":"tag-eu","15":"tag-europe","16":"tag-fr","17":"tag-france","18":"tag-ligue-des-champions","19":"tag-news","20":"tag-news-paris","21":"tag-paris","22":"tag-paris-news","23":"tag-pronostic-vital","24":"tag-psg","25":"tag-republique-francaise"},"share_on_mastodon":{"url":"https:\/\/pubeurope.com\/@fr\/114490265028089023","error":""},"_links":{"self":[{"href":"https:\/\/www.europesays.com\/fr\/wp-json\/wp\/v2\/posts\/92232","targetHints":{"allow":["GET"]}}],"collection":[{"href":"https:\/\/www.europesays.com\/fr\/wp-json\/wp\/v2\/posts"}],"about":[{"href":"https:\/\/www.europesays.com\/fr\/wp-json\/wp\/v2\/types\/post"}],"author":[{"embeddable":true,"href":"https:\/\/www.europesays.com\/fr\/wp-json\/wp\/v2\/users\/2"}],"replies":[{"embeddable":true,"href":"https:\/\/www.europesays.com\/fr\/wp-json\/wp\/v2\/comments?post=92232"}],"version-history":[{"count":0,"href":"https:\/\/www.europesays.com\/fr\/wp-json\/wp\/v2\/posts\/92232\/revisions"}],"wp:featuredmedia":[{"embeddable":true,"href":"https:\/\/www.europesays.com\/fr\/wp-json\/wp\/v2\/media\/92233"}],"wp:attachment":[{"href":"https:\/\/www.europesays.com\/fr\/wp-json\/wp\/v2\/media?parent=92232"}],"wp:term":[{"taxonomy":"category","embeddable":true,"href":"https:\/\/www.europesays.com\/fr\/wp-json\/wp\/v2\/categories?post=92232"},{"taxonomy":"post_tag","embeddable":true,"href":"https:\/\/www.europesays.com\/fr\/wp-json\/wp\/v2\/tags?post=92232"}],"curies":[{"name":"wp","href":"https:\/\/api.w.org\/{rel}","templated":true}]}}