{"id":92236,"date":"2025-05-11T17:00:08","date_gmt":"2025-05-11T17:00:08","guid":{"rendered":"https:\/\/www.europesays.com\/fr\/92236\/"},"modified":"2025-05-11T17:00:08","modified_gmt":"2025-05-11T17:00:08","slug":"nouvelles-dates-pour-fab-paris","status":"publish","type":"post","link":"https:\/\/www.europesays.com\/fr\/92236\/","title":{"rendered":"Nouvelles dates pour FAB Paris"},"content":{"rendered":"<p>Exit novembre, bonjour septembre. Fine Arts La Biennale Paris (FAB Paris) a fait le choix de d\u00e9caler sa troisi\u00e8me \u00e9dition, en se tenant du 20 au 24 septembre au Grand Palais. Celle de 2024, bien que marqu\u00e9e par une panne de chauffage, n\u2019avait pas pour autant refroidi les collectionneurs, permettant \u00e0 la foire \u2013 n\u00e9e en 2022 de la fusion entre Fine Arts Paris et la Biennale des Antiquaires \u2013\u00a0d\u2019annoncer <a href=\"https:\/\/www.lequotidiendelart.com\/articles\/26563-fab-paris-assoit-ses-ambitions.html\" target=\"_blank\" rel=\"noopener\">des r\u00e9sultats plus dynamiques qu&rsquo;en 2023<\/a>\u00a0et d&rsquo;affirmer ses ambitions.\u2026<\/p>\n","protected":false},"excerpt":{"rendered":"Exit novembre, bonjour septembre. Fine Arts La Biennale Paris (FAB Paris) a fait le choix de d\u00e9caler sa&hellip;\n","protected":false},"author":2,"featured_media":92237,"comment_status":"","ping_status":"","sticky":false,"template":"","format":"standard","meta":{"footnotes":""},"categories":[1888],"tags":[11,1396,20391,1386,1777,674,20392,8181,1011,27,7455,1398,20390,4897,12,626,25],"class_list":{"0":"post-92236","1":"post","2":"type-post","3":"status-publish","4":"format-standard","5":"has-post-thumbnail","7":"category-paris","8":"tag-actualites","9":"tag-art-contemporain","10":"tag-commissaires-dexposition","11":"tag-design","12":"tag-eu","13":"tag-europe","14":"tag-fab-paris","15":"tag-foires","16":"tag-fr","17":"tag-france","18":"tag-galeries","19":"tag-grand-palais","20":"tag-jean-hubert-martin","21":"tag-joaillerie","22":"tag-news","23":"tag-paris","24":"tag-republique-francaise"},"share_on_mastodon":{"url":"https:\/\/pubeurope.com\/@fr\/114490272908158128","error":""},"_links":{"self":[{"href":"https:\/\/www.europesays.com\/fr\/wp-json\/wp\/v2\/posts\/92236","targetHints":{"allow":["GET"]}}],"collection":[{"href":"https:\/\/www.europesays.com\/fr\/wp-json\/wp\/v2\/posts"}],"about":[{"href":"https:\/\/www.europesays.com\/fr\/wp-json\/wp\/v2\/types\/post"}],"author":[{"embeddable":true,"href":"https:\/\/www.europesays.com\/fr\/wp-json\/wp\/v2\/users\/2"}],"replies":[{"embeddable":true,"href":"https:\/\/www.europesays.com\/fr\/wp-json\/wp\/v2\/comments?post=92236"}],"version-history":[{"count":0,"href":"https:\/\/www.europesays.com\/fr\/wp-json\/wp\/v2\/posts\/92236\/revisions"}],"wp:featuredmedia":[{"embeddable":true,"href":"https:\/\/www.europesays.com\/fr\/wp-json\/wp\/v2\/media\/92237"}],"wp:attachment":[{"href":"https:\/\/www.europesays.com\/fr\/wp-json\/wp\/v2\/media?parent=92236"}],"wp:term":[{"taxonomy":"category","embeddable":true,"href":"https:\/\/www.europesays.com\/fr\/wp-json\/wp\/v2\/categories?post=92236"},{"taxonomy":"post_tag","embeddable":true,"href":"https:\/\/www.europesays.com\/fr\/wp-json\/wp\/v2\/tags?post=92236"}],"curies":[{"name":"wp","href":"https:\/\/api.w.org\/{rel}","templated":true}]}}