{"id":92240,"date":"2025-05-11T17:02:09","date_gmt":"2025-05-11T17:02:09","guid":{"rendered":"https:\/\/www.europesays.com\/fr\/92240\/"},"modified":"2025-05-11T17:02:09","modified_gmt":"2025-05-11T17:02:09","slug":"guerre-en-ukraine-trump-exhorte-lukraine-et-la-russie-a-se-rencontrer-sans-delai-2","status":"publish","type":"post","link":"https:\/\/www.europesays.com\/fr\/92240\/","title":{"rendered":"Guerre en Ukraine. Trump exhorte l&rsquo;Ukraine et la Russie \u00e0 se rencontrer sans d\u00e9lai"},"content":{"rendered":"<p><a href=\"https:\/\/www.estrepublicain.fr\/p\/donald-trump\" target=\"_blank\" rel=\"nofollow noopener\">Donald Trump<\/a> a press\u00e9 ce dimanche l&rsquo;Ukraine et la Russie de se rencontrer pour n\u00e9gocier sans attendre un cessez-le-feu, <a href=\"https:\/\/www.estrepublicain.fr\/defense-guerre-conflit\/2025\/05\/11\/poutine-ignore-l-appel-au-cessez-le-feu-et-propose-des-negociations-directes-avec-l-ukraine\" target=\"_blank\" rel=\"nofollow noopener\">Moscou ayant propos\u00e9 des pourparlers directs<\/a> et Kiev r\u00e9clamant une tr\u00eave.<\/p>\n<p>\u00ab Le pr\u00e9sident russe (Vladimir) Poutine ne veut pas d&rsquo;un accord de cessez-le-feu avec l&rsquo;Ukraine, mais plut\u00f4t une rencontre jeudi en Turquie pour n\u00e9gocier une possible fin au bain de sang. L&rsquo;Ukraine devrait accepter imm\u00e9diatement \u00bb, affirme le pr\u00e9sident am\u00e9ricain. \u00ab Cela leur permettra au moins de d\u00e9terminer si un accord est possible, et s&rsquo;il ne l&rsquo;est pas, les dirigeants europ\u00e9ens et les Etats-Unis sauront \u00e0 quoi s&rsquo;en tenir et pourront agir en cons\u00e9quence \u00bb, ajoute Donald Trump sur son r\u00e9seau Truth social.<\/p>\n<p>Vers une m\u00e9diation turque ?<\/p>\n<p>Le pr\u00e9sident russe a reproch\u00e9 aux Europ\u00e9ens, r\u00e9unis samedi \u00e0 Kiev, de traiter la Russie \u00ab de mani\u00e8re grossi\u00e8re et \u00e0 l&rsquo;aide d&rsquo;ultimatums \u00bb et a estim\u00e9 que l&rsquo;instauration d&rsquo;une tr\u00eave devrait s&rsquo;inscrire dans des discussions \u00ab directes \u00bb avec l&rsquo;Ukraine.<\/p>\n<p>\u00ab La Russie est pr\u00eate \u00e0 des n\u00e9gociations sans aucune condition pr\u00e9alable (&#8230;). Nous proposons de commencer d\u00e8s jeudi prochain, le 15 mai, \u00e0 Istanbul \u00bb, a d\u00e9clar\u00e9 Vladimir Poutine dans une d\u00e9claration \u00e0 la presse, tard dans la nuit au Kremlin, pr\u00e9cisant qu&rsquo;il s&rsquo;entretiendrait dans les heures qui viennent avec le pr\u00e9sident turc Recep Tayyip Erdogan. Ce dernier, en contact r\u00e9gulier avec son homologue russe, a plusieurs fois propos\u00e9 d&rsquo;accueillir des pourparlers de paix.<\/p>\n<p>La Turquie, membre de l&rsquo;Otan, avait jou\u00e9 un r\u00f4le de m\u00e9diation en 2022 pour la conclusion d&rsquo;un accord permettant l&rsquo;exportation de c\u00e9r\u00e9ales ukrainiennes par la mer Noire, dont la Russie avait par la suite claqu\u00e9 la porte.<\/p>\n","protected":false},"excerpt":{"rendered":"Donald Trump a press\u00e9 ce dimanche l&rsquo;Ukraine et la Russie de se rencontrer pour n\u00e9gocier sans attendre un&hellip;\n","protected":false},"author":2,"featured_media":92239,"comment_status":"","ping_status":"","sticky":false,"template":"","format":"standard","meta":{"footnotes":""},"categories":[1590],"tags":[11,3206,1777,674,107,329,12,220],"class_list":{"0":"post-92240","1":"post","2":"type-post","3":"status-publish","4":"format-standard","5":"has-post-thumbnail","7":"category-ukraine","8":"tag-actualites","9":"tag-defense-guerre-conflit","10":"tag-eu","11":"tag-europe","12":"tag-fil-info","13":"tag-france-monde","14":"tag-news","15":"tag-ukraine"},"share_on_mastodon":{"url":"https:\/\/pubeurope.com\/@fr\/114490280706651865","error":""},"_links":{"self":[{"href":"https:\/\/www.europesays.com\/fr\/wp-json\/wp\/v2\/posts\/92240","targetHints":{"allow":["GET"]}}],"collection":[{"href":"https:\/\/www.europesays.com\/fr\/wp-json\/wp\/v2\/posts"}],"about":[{"href":"https:\/\/www.europesays.com\/fr\/wp-json\/wp\/v2\/types\/post"}],"author":[{"embeddable":true,"href":"https:\/\/www.europesays.com\/fr\/wp-json\/wp\/v2\/users\/2"}],"replies":[{"embeddable":true,"href":"https:\/\/www.europesays.com\/fr\/wp-json\/wp\/v2\/comments?post=92240"}],"version-history":[{"count":0,"href":"https:\/\/www.europesays.com\/fr\/wp-json\/wp\/v2\/posts\/92240\/revisions"}],"wp:featuredmedia":[{"embeddable":true,"href":"https:\/\/www.europesays.com\/fr\/wp-json\/wp\/v2\/media\/92239"}],"wp:attachment":[{"href":"https:\/\/www.europesays.com\/fr\/wp-json\/wp\/v2\/media?parent=92240"}],"wp:term":[{"taxonomy":"category","embeddable":true,"href":"https:\/\/www.europesays.com\/fr\/wp-json\/wp\/v2\/categories?post=92240"},{"taxonomy":"post_tag","embeddable":true,"href":"https:\/\/www.europesays.com\/fr\/wp-json\/wp\/v2\/tags?post=92240"}],"curies":[{"name":"wp","href":"https:\/\/api.w.org\/{rel}","templated":true}]}}